{"id":104419,"date":"2024-02-14T14:19:26","date_gmt":"2024-02-14T14:19:26","guid":{"rendered":"https:\/\/www.altominho.tv\/site\/?p=104419"},"modified":"2024-02-14T14:19:28","modified_gmt":"2024-02-14T14:19:28","slug":"santuario-de-nossa-senhora-da-peneda-com-escola-de-verao-sobre-arquitetura-tradicional","status":"publish","type":"post","link":"https:\/\/www.altominho.tv\/site\/2024\/02\/14\/santuario-de-nossa-senhora-da-peneda-com-escola-de-verao-sobre-arquitetura-tradicional\/","title":{"rendered":"Santu\u00e1rio de Nossa Senhora da Peneda com escola de ver\u00e3o sobre arquitetura tradicional"},"content":{"rendered":"<p>O Santu\u00e1rio de Nossa Senhora da Peneda, em Arcos de Valdevez, vai receber, entre 8 e 21 de julho, cerca de 30 estudantes de v\u00e1rios pa\u00edses, que v\u00e3o participar numa escola de ver\u00e3o sobre arquitetura tradicional.<\/p>\n<p>Contactado hoje pela ag\u00eancia Lusa, o arquiteto Fernando Barros, em representa\u00e7\u00e3o da delega\u00e7\u00e3o portuguesa da Rede Internacional de Constru\u00e7\u00e3o, Arquitetura e Urbanismo Tradicional (INTBAU), explicou que o objetivo do curso \u00e9 possibilitar aos cerca de 30 estudantes de arquitetura \u201cum local em meio rural onde possam ficar instalados e terem acesso, nas proximidades, a uma s\u00e9rie de aldeias e pequenos aglomerados que possam ser casos de estudo interessantes\u201d.<\/p>\n<p>Os estudantes v\u00e3o ficar hospedados nos antigos quart\u00e9is do santu\u00e1rio, na freguesia da Gavieira, que a c\u00e2mara local transformou em abrigos de montanha para alojar os romeiros da Peneda, da via Mariana e a parte te\u00f3rica do curso tamb\u00e9m ser\u00e1 ministrada em instala\u00e7\u00f5es do monumento nacional.<\/p>\n<p>Classificado monumento nacional em outubro de 2023, o santu\u00e1rio de Nossa Senhora da Peneda, no Parque Nacional de Peneda-Ger\u00eas (PNPG), \u201cfoi erguido entre finais do s\u00e9culo XVIII e o terceiro quartel de novecentos, na continuidade do culto a Nossa Senhora das Neves documentado no local desde o s\u00e9culo XIII, em espa\u00e7os sucessivamente ampliados\u201d.<\/p>\n<p>O conjunto \u201c\u00e9 composto pela igreja neocl\u00e1ssica, pelo edificado do antigo albergue de peregrinos, e por uma sucess\u00e3o de escadarias e largos que antecedem a alameda arborizada desenvolvida ao longo do vale, em cenogr\u00e1fica implanta\u00e7\u00e3o, ritmada por 20 capelas evocadoras da Paix\u00e3o de Cristo\u201d.<\/p>\n<p>\u201cDo ponto de vista da arquitetura tradicional, o santu\u00e1rio da Peneda tem muita relev\u00e2ncia porque tem um contraponto entre uma arquitetura tradicionalmente de cariz mais monumental, por outro lado tem a aldeia da Peneda, que ainda conserva uma s\u00e9rie de constru\u00e7\u00f5es tradicionais mais populares, permitindo incurs\u00f5es a uma s\u00e9rie de aldeias e brandas muito carism\u00e1ticas\u201d, destacou Fernando Barros.<\/p>\n<p>Os estudantes v\u00e3o conhecer, acompanhados por professores de v\u00e1rias escolas de arquitetura de Portugal, Espanha, Estados Unidos, as brandas de S\u00e3o Bento do Cando, Alhal, Busgalinhas, na Gavieira. O programa inclui visitas \u00e0 vila do Soajo, a Padr\u00e3o, Vilarinho do Souto, ao mosteiro de Ermelo, \u00e0 aldeia de Sistelo, entre outros locais.<\/p>\n<p>A escola de ver\u00e3o \u00e9 organizada pela Funda\u00e7\u00e3o Culturas de Edif\u00edcios Tradicionais, em parecia com as delega\u00e7\u00f5es portuguesa e espanhola da INTBAU, uma rede internacional dedicada ao estudo, divulga\u00e7\u00e3o e promo\u00e7\u00e3o da arquitetura e urbanismo tradicional, estando representada em mais de 40 pa\u00edses e, em colabora\u00e7\u00f5es com diversas institui\u00e7\u00f5es.<\/p>\n<p>Desde 2018, as delega\u00e7\u00f5es de Portugal e Espanha, t\u00eam vindo a realizar as escolas de ver\u00e3o, alternadamente nos dois pa\u00edses.<\/p>\n<p>No final do curso, que conta com o apoio da C\u00e2mara de Arcos de Valdevez e, cujas inscri\u00e7\u00f5es est\u00e3o abertas at\u00e9 24 de mar\u00e7o, os estudantes apresentar\u00e3o \u201cuma proposta de projeto acad\u00e9mico para um dos locais que estudarem\u201d.<\/p>\n","protected":false},"excerpt":{"rendered":"<p>O Santu\u00e1rio de Nossa Senhora da Peneda, em Arcos de Valdevez, vai receber, entre 8 e 21 de julho, cerca de 30 estudantes de v\u00e1rios pa\u00edses, que v\u00e3o participar numa escola de ver\u00e3o sobre arquitetura tradicional. Contactado hoje pela ag\u00eancia Lusa, o arquiteto Fernando Barros, em representa\u00e7\u00e3o da delega\u00e7\u00e3o portuguesa da Rede Internacional de Constru\u00e7\u00e3o, [&hellip;]<\/p>\n","protected":false},"author":13,"featured_media":79770,"comment_status":"closed","ping_status":"closed","sticky":false,"template":"","format":"standard","meta":{"_exactmetrics_skip_tracking":false,"footnotes":""},"categories":[2],"tags":[22],"class_list":["post-104419","post","type-post","status-publish","format-standard","has-post-thumbnail","hentry","category-arcos-de-valdevez","tag-educacao"],"yoast_head":"<!-- This site is optimized with the Yoast SEO Premium plugin v28.3 (Yoast SEO v28.3) - https:\/\/yoast.com\/product\/yoast-seo-premium-wordpress\/ -->\n<title>Santu\u00e1rio de Nossa Senhora da Peneda com escola de ver\u00e3o sobre arquitetura tradicional<\/title>\n<meta name=\"description\" content=\"O Santu\u00e1rio de Nossa Senhora da Peneda, em Arcos de Valdevez, vai receber, entre 8 e 21 de julho, cerca de 30 estudantes de v\u00e1rios pa\u00edses, que v\u00e3o participar numa escola de ver\u00e3o sobre arquitetura tradicional.\" \/>\n<meta name=\"robots\" content=\"index, follow, max-snippet:-1, max-image-preview:large, max-video-preview:-1\" \/>\n<link rel=\"canonical\" href=\"https:\/\/www.altominho.tv\/site\/2024\/02\/14\/santuario-de-nossa-senhora-da-peneda-com-escola-de-verao-sobre-arquitetura-tradicional\/\" \/>\n<meta property=\"og:locale\" content=\"pt_PT\" \/>\n<meta property=\"og:type\" content=\"article\" \/>\n<meta property=\"og:title\" content=\"Santu\u00e1rio de Nossa Senhora da Peneda com escola de ver\u00e3o sobre arquitetura tradicional\" \/>\n<meta property=\"og:description\" content=\"O Santu\u00e1rio de Nossa Senhora da Peneda, em Arcos de Valdevez, vai receber, entre 8 e 21 de julho, cerca de 30 estudantes de v\u00e1rios pa\u00edses, que v\u00e3o participar numa escola de ver\u00e3o sobre arquitetura tradicional.\" \/>\n<meta property=\"og:url\" content=\"https:\/\/www.altominho.tv\/site\/2024\/02\/14\/santuario-de-nossa-senhora-da-peneda-com-escola-de-verao-sobre-arquitetura-tradicional\/\" \/>\n<meta property=\"og:site_name\" content=\"Altominho.tv\" \/>\n<meta property=\"article:publisher\" content=\"https:\/\/www.facebook.com\/altominhotv\" \/>\n<meta property=\"article:published_time\" content=\"2024-02-14T14:19:26+00:00\" \/>\n<meta property=\"article:modified_time\" content=\"2024-02-14T14:19:28+00:00\" \/>\n<meta property=\"og:image\" content=\"https:\/\/www.altominho.tv\/site\/wp-content\/uploads\/2022\/05\/Peneda-1536x938-1.jpeg\" \/>\n\t<meta property=\"og:image:width\" content=\"1536\" \/>\n\t<meta property=\"og:image:height\" content=\"938\" \/>\n\t<meta property=\"og:image:type\" content=\"image\/jpeg\" \/>\n<meta name=\"author\" content=\"Lusa\" \/>\n<meta name=\"twitter:card\" content=\"summary_large_image\" \/>\n<meta name=\"twitter:creator\" content=\"@altominhoTV\" \/>\n<meta name=\"twitter:site\" content=\"@altominhoTV\" \/>\n<meta name=\"twitter:label1\" content=\"Escrito por\" \/>\n\t<meta name=\"twitter:data1\" content=\"Lusa\" \/>\n\t<meta name=\"twitter:label2\" content=\"Tempo estimado de leitura\" \/>\n\t<meta name=\"twitter:data2\" content=\"3 minutos\" \/>\n<script type=\"application\/ld+json\" class=\"yoast-schema-graph\">{\"@context\":\"https:\\\/\\\/schema.org\",\"@graph\":[{\"@type\":\"Article\",\"@id\":\"https:\\\/\\\/www.altominho.tv\\\/site\\\/2024\\\/02\\\/14\\\/santuario-de-nossa-senhora-da-peneda-com-escola-de-verao-sobre-arquitetura-tradicional\\\/#article\",\"isPartOf\":{\"@id\":\"https:\\\/\\\/www.altominho.tv\\\/site\\\/2024\\\/02\\\/14\\\/santuario-de-nossa-senhora-da-peneda-com-escola-de-verao-sobre-arquitetura-tradicional\\\/\"},\"author\":{\"name\":\"Lusa\",\"@id\":\"https:\\\/\\\/www.altominho.tv\\\/site\\\/#\\\/schema\\\/person\\\/63f693da3e1899361cbe955c46f3232e\"},\"headline\":\"Santu\u00e1rio de Nossa Senhora da Peneda com escola de ver\u00e3o sobre arquitetura tradicional\",\"datePublished\":\"2024-02-14T14:19:26+00:00\",\"dateModified\":\"2024-02-14T14:19:28+00:00\",\"mainEntityOfPage\":{\"@id\":\"https:\\\/\\\/www.altominho.tv\\\/site\\\/2024\\\/02\\\/14\\\/santuario-de-nossa-senhora-da-peneda-com-escola-de-verao-sobre-arquitetura-tradicional\\\/\"},\"wordCount\":522,\"image\":{\"@id\":\"https:\\\/\\\/www.altominho.tv\\\/site\\\/2024\\\/02\\\/14\\\/santuario-de-nossa-senhora-da-peneda-com-escola-de-verao-sobre-arquitetura-tradicional\\\/#primaryimage\"},\"thumbnailUrl\":\"https:\\\/\\\/www.altominho.tv\\\/site\\\/wp-content\\\/uploads\\\/2022\\\/05\\\/Peneda-1536x938-1.jpeg\",\"keywords\":[\"Educa\u00e7\u00e3o\"],\"articleSection\":[\"Arcos de Valdevez\"],\"inLanguage\":\"pt-PT\",\"copyrightYear\":\"2024\",\"copyrightHolder\":{\"@id\":\"https:\\\/\\\/www.altominho.tv\\\/site\\\/#organization\"}},{\"@type\":\"WebPage\",\"@id\":\"https:\\\/\\\/www.altominho.tv\\\/site\\\/2024\\\/02\\\/14\\\/santuario-de-nossa-senhora-da-peneda-com-escola-de-verao-sobre-arquitetura-tradicional\\\/\",\"url\":\"https:\\\/\\\/www.altominho.tv\\\/site\\\/2024\\\/02\\\/14\\\/santuario-de-nossa-senhora-da-peneda-com-escola-de-verao-sobre-arquitetura-tradicional\\\/\",\"name\":\"Santu\u00e1rio de Nossa Senhora da Peneda com escola de ver\u00e3o sobre arquitetura tradicional\",\"isPartOf\":{\"@id\":\"https:\\\/\\\/www.altominho.tv\\\/site\\\/#website\"},\"primaryImageOfPage\":{\"@id\":\"https:\\\/\\\/www.altominho.tv\\\/site\\\/2024\\\/02\\\/14\\\/santuario-de-nossa-senhora-da-peneda-com-escola-de-verao-sobre-arquitetura-tradicional\\\/#primaryimage\"},\"image\":{\"@id\":\"https:\\\/\\\/www.altominho.tv\\\/site\\\/2024\\\/02\\\/14\\\/santuario-de-nossa-senhora-da-peneda-com-escola-de-verao-sobre-arquitetura-tradicional\\\/#primaryimage\"},\"thumbnailUrl\":\"https:\\\/\\\/www.altominho.tv\\\/site\\\/wp-content\\\/uploads\\\/2022\\\/05\\\/Peneda-1536x938-1.jpeg\",\"datePublished\":\"2024-02-14T14:19:26+00:00\",\"dateModified\":\"2024-02-14T14:19:28+00:00\",\"author\":{\"@id\":\"https:\\\/\\\/www.altominho.tv\\\/site\\\/#\\\/schema\\\/person\\\/63f693da3e1899361cbe955c46f3232e\"},\"description\":\"O Santu\u00e1rio de Nossa Senhora da Peneda, em Arcos de Valdevez, vai receber, entre 8 e 21 de julho, cerca de 30 estudantes de v\u00e1rios pa\u00edses, que v\u00e3o participar numa escola de ver\u00e3o sobre arquitetura tradicional.\",\"breadcrumb\":{\"@id\":\"https:\\\/\\\/www.altominho.tv\\\/site\\\/2024\\\/02\\\/14\\\/santuario-de-nossa-senhora-da-peneda-com-escola-de-verao-sobre-arquitetura-tradicional\\\/#breadcrumb\"},\"inLanguage\":\"pt-PT\",\"potentialAction\":[{\"@type\":\"ReadAction\",\"target\":[\"https:\\\/\\\/www.altominho.tv\\\/site\\\/2024\\\/02\\\/14\\\/santuario-de-nossa-senhora-da-peneda-com-escola-de-verao-sobre-arquitetura-tradicional\\\/\"]}]},{\"@type\":\"ImageObject\",\"inLanguage\":\"pt-PT\",\"@id\":\"https:\\\/\\\/www.altominho.tv\\\/site\\\/2024\\\/02\\\/14\\\/santuario-de-nossa-senhora-da-peneda-com-escola-de-verao-sobre-arquitetura-tradicional\\\/#primaryimage\",\"url\":\"https:\\\/\\\/www.altominho.tv\\\/site\\\/wp-content\\\/uploads\\\/2022\\\/05\\\/Peneda-1536x938-1.jpeg\",\"contentUrl\":\"https:\\\/\\\/www.altominho.tv\\\/site\\\/wp-content\\\/uploads\\\/2022\\\/05\\\/Peneda-1536x938-1.jpeg\",\"width\":1536,\"height\":938},{\"@type\":\"BreadcrumbList\",\"@id\":\"https:\\\/\\\/www.altominho.tv\\\/site\\\/2024\\\/02\\\/14\\\/santuario-de-nossa-senhora-da-peneda-com-escola-de-verao-sobre-arquitetura-tradicional\\\/#breadcrumb\",\"itemListElement\":[{\"@type\":\"ListItem\",\"position\":1,\"name\":\"In\u00edcio\",\"item\":\"https:\\\/\\\/www.altominho.tv\\\/site\\\/\"},{\"@type\":\"ListItem\",\"position\":2,\"name\":\"Santu\u00e1rio de Nossa Senhora da Peneda com escola de ver\u00e3o sobre arquitetura tradicional\"}]},{\"@type\":\"WebSite\",\"@id\":\"https:\\\/\\\/www.altominho.tv\\\/site\\\/#website\",\"url\":\"https:\\\/\\\/www.altominho.tv\\\/site\\\/\",\"name\":\"Altominho.tv\",\"description\":\"A sua regi\u00e3o \u00e0 dist\u00e2ncia de um clique...\",\"potentialAction\":[{\"@type\":\"SearchAction\",\"target\":{\"@type\":\"EntryPoint\",\"urlTemplate\":\"https:\\\/\\\/www.altominho.tv\\\/site\\\/?s={search_term_string}\"},\"query-input\":{\"@type\":\"PropertyValueSpecification\",\"valueRequired\":true,\"valueName\":\"search_term_string\"}}],\"inLanguage\":\"pt-PT\"},{\"@type\":\"Person\",\"@id\":\"https:\\\/\\\/www.altominho.tv\\\/site\\\/#\\\/schema\\\/person\\\/63f693da3e1899361cbe955c46f3232e\",\"name\":\"Lusa\",\"image\":{\"@type\":\"ImageObject\",\"inLanguage\":\"pt-PT\",\"@id\":\"https:\\\/\\\/www.altominho.tv\\\/site\\\/wp-content\\\/uploads\\\/2019\\\/08\\\/LUSA_Logo.gif\",\"url\":\"https:\\\/\\\/www.altominho.tv\\\/site\\\/wp-content\\\/uploads\\\/2019\\\/08\\\/LUSA_Logo.gif\",\"contentUrl\":\"https:\\\/\\\/www.altominho.tv\\\/site\\\/wp-content\\\/uploads\\\/2019\\\/08\\\/LUSA_Logo.gif\",\"caption\":\"Lusa\"},\"sameAs\":[\"http:\\\/\\\/\\\/\\\/www.altominho.tv\\\/site\"],\"url\":\"https:\\\/\\\/www.altominho.tv\\\/site\\\/author\\\/lusa\\\/\"}]}<\/script>\n<!-- \/ Yoast SEO Premium plugin. -->","yoast_head_json":{"title":"Santu\u00e1rio de Nossa Senhora da Peneda com escola de ver\u00e3o sobre arquitetura tradicional","description":"O Santu\u00e1rio de Nossa Senhora da Peneda, em Arcos de Valdevez, vai receber, entre 8 e 21 de julho, cerca de 30 estudantes de v\u00e1rios pa\u00edses, que v\u00e3o participar numa escola de ver\u00e3o sobre arquitetura tradicional.","robots":{"index":"index","follow":"follow","max-snippet":"max-snippet:-1","max-image-preview":"max-image-preview:large","max-video-preview":"max-video-preview:-1"},"canonical":"https:\/\/www.altominho.tv\/site\/2024\/02\/14\/santuario-de-nossa-senhora-da-peneda-com-escola-de-verao-sobre-arquitetura-tradicional\/","og_locale":"pt_PT","og_type":"article","og_title":"Santu\u00e1rio de Nossa Senhora da Peneda com escola de ver\u00e3o sobre arquitetura tradicional","og_description":"O Santu\u00e1rio de Nossa Senhora da Peneda, em Arcos de Valdevez, vai receber, entre 8 e 21 de julho, cerca de 30 estudantes de v\u00e1rios pa\u00edses, que v\u00e3o participar numa escola de ver\u00e3o sobre arquitetura tradicional.","og_url":"https:\/\/www.altominho.tv\/site\/2024\/02\/14\/santuario-de-nossa-senhora-da-peneda-com-escola-de-verao-sobre-arquitetura-tradicional\/","og_site_name":"Altominho.tv","article_publisher":"https:\/\/www.facebook.com\/altominhotv","article_published_time":"2024-02-14T14:19:26+00:00","article_modified_time":"2024-02-14T14:19:28+00:00","og_image":[{"width":1536,"height":938,"url":"https:\/\/www.altominho.tv\/site\/wp-content\/uploads\/2022\/05\/Peneda-1536x938-1.jpeg","type":"image\/jpeg"}],"author":"Lusa","twitter_card":"summary_large_image","twitter_creator":"@altominhoTV","twitter_site":"@altominhoTV","twitter_misc":{"Escrito por":"Lusa","Tempo estimado de leitura":"3 minutos"},"schema":{"@context":"https:\/\/schema.org","@graph":[{"@type":"Article","@id":"https:\/\/www.altominho.tv\/site\/2024\/02\/14\/santuario-de-nossa-senhora-da-peneda-com-escola-de-verao-sobre-arquitetura-tradicional\/#article","isPartOf":{"@id":"https:\/\/www.altominho.tv\/site\/2024\/02\/14\/santuario-de-nossa-senhora-da-peneda-com-escola-de-verao-sobre-arquitetura-tradicional\/"},"author":{"name":"Lusa","@id":"https:\/\/www.altominho.tv\/site\/#\/schema\/person\/63f693da3e1899361cbe955c46f3232e"},"headline":"Santu\u00e1rio de Nossa Senhora da Peneda com escola de ver\u00e3o sobre arquitetura tradicional","datePublished":"2024-02-14T14:19:26+00:00","dateModified":"2024-02-14T14:19:28+00:00","mainEntityOfPage":{"@id":"https:\/\/www.altominho.tv\/site\/2024\/02\/14\/santuario-de-nossa-senhora-da-peneda-com-escola-de-verao-sobre-arquitetura-tradicional\/"},"wordCount":522,"image":{"@id":"https:\/\/www.altominho.tv\/site\/2024\/02\/14\/santuario-de-nossa-senhora-da-peneda-com-escola-de-verao-sobre-arquitetura-tradicional\/#primaryimage"},"thumbnailUrl":"https:\/\/www.altominho.tv\/site\/wp-content\/uploads\/2022\/05\/Peneda-1536x938-1.jpeg","keywords":["Educa\u00e7\u00e3o"],"articleSection":["Arcos de Valdevez"],"inLanguage":"pt-PT","copyrightYear":"2024","copyrightHolder":{"@id":"https:\/\/www.altominho.tv\/site\/#organization"}},{"@type":"WebPage","@id":"https:\/\/www.altominho.tv\/site\/2024\/02\/14\/santuario-de-nossa-senhora-da-peneda-com-escola-de-verao-sobre-arquitetura-tradicional\/","url":"https:\/\/www.altominho.tv\/site\/2024\/02\/14\/santuario-de-nossa-senhora-da-peneda-com-escola-de-verao-sobre-arquitetura-tradicional\/","name":"Santu\u00e1rio de Nossa Senhora da Peneda com escola de ver\u00e3o sobre arquitetura tradicional","isPartOf":{"@id":"https:\/\/www.altominho.tv\/site\/#website"},"primaryImageOfPage":{"@id":"https:\/\/www.altominho.tv\/site\/2024\/02\/14\/santuario-de-nossa-senhora-da-peneda-com-escola-de-verao-sobre-arquitetura-tradicional\/#primaryimage"},"image":{"@id":"https:\/\/www.altominho.tv\/site\/2024\/02\/14\/santuario-de-nossa-senhora-da-peneda-com-escola-de-verao-sobre-arquitetura-tradicional\/#primaryimage"},"thumbnailUrl":"https:\/\/www.altominho.tv\/site\/wp-content\/uploads\/2022\/05\/Peneda-1536x938-1.jpeg","datePublished":"2024-02-14T14:19:26+00:00","dateModified":"2024-02-14T14:19:28+00:00","author":{"@id":"https:\/\/www.altominho.tv\/site\/#\/schema\/person\/63f693da3e1899361cbe955c46f3232e"},"description":"O Santu\u00e1rio de Nossa Senhora da Peneda, em Arcos de Valdevez, vai receber, entre 8 e 21 de julho, cerca de 30 estudantes de v\u00e1rios pa\u00edses, que v\u00e3o participar numa escola de ver\u00e3o sobre arquitetura tradicional.","breadcrumb":{"@id":"https:\/\/www.altominho.tv\/site\/2024\/02\/14\/santuario-de-nossa-senhora-da-peneda-com-escola-de-verao-sobre-arquitetura-tradicional\/#breadcrumb"},"inLanguage":"pt-PT","potentialAction":[{"@type":"ReadAction","target":["https:\/\/www.altominho.tv\/site\/2024\/02\/14\/santuario-de-nossa-senhora-da-peneda-com-escola-de-verao-sobre-arquitetura-tradicional\/"]}]},{"@type":"ImageObject","inLanguage":"pt-PT","@id":"https:\/\/www.altominho.tv\/site\/2024\/02\/14\/santuario-de-nossa-senhora-da-peneda-com-escola-de-verao-sobre-arquitetura-tradicional\/#primaryimage","url":"https:\/\/www.altominho.tv\/site\/wp-content\/uploads\/2022\/05\/Peneda-1536x938-1.jpeg","contentUrl":"https:\/\/www.altominho.tv\/site\/wp-content\/uploads\/2022\/05\/Peneda-1536x938-1.jpeg","width":1536,"height":938},{"@type":"BreadcrumbList","@id":"https:\/\/www.altominho.tv\/site\/2024\/02\/14\/santuario-de-nossa-senhora-da-peneda-com-escola-de-verao-sobre-arquitetura-tradicional\/#breadcrumb","itemListElement":[{"@type":"ListItem","position":1,"name":"In\u00edcio","item":"https:\/\/www.altominho.tv\/site\/"},{"@type":"ListItem","position":2,"name":"Santu\u00e1rio de Nossa Senhora da Peneda com escola de ver\u00e3o sobre arquitetura tradicional"}]},{"@type":"WebSite","@id":"https:\/\/www.altominho.tv\/site\/#website","url":"https:\/\/www.altominho.tv\/site\/","name":"Altominho.tv","description":"A sua regi\u00e3o \u00e0 dist\u00e2ncia de um clique...","potentialAction":[{"@type":"SearchAction","target":{"@type":"EntryPoint","urlTemplate":"https:\/\/www.altominho.tv\/site\/?s={search_term_string}"},"query-input":{"@type":"PropertyValueSpecification","valueRequired":true,"valueName":"search_term_string"}}],"inLanguage":"pt-PT"},{"@type":"Person","@id":"https:\/\/www.altominho.tv\/site\/#\/schema\/person\/63f693da3e1899361cbe955c46f3232e","name":"Lusa","image":{"@type":"ImageObject","inLanguage":"pt-PT","@id":"https:\/\/www.altominho.tv\/site\/wp-content\/uploads\/2019\/08\/LUSA_Logo.gif","url":"https:\/\/www.altominho.tv\/site\/wp-content\/uploads\/2019\/08\/LUSA_Logo.gif","contentUrl":"https:\/\/www.altominho.tv\/site\/wp-content\/uploads\/2019\/08\/LUSA_Logo.gif","caption":"Lusa"},"sameAs":["http:\/\/\/\/www.altominho.tv\/site"],"url":"https:\/\/www.altominho.tv\/site\/author\/lusa\/"}]}},"_links":{"self":[{"href":"https:\/\/www.altominho.tv\/site\/wp-json\/wp\/v2\/posts\/104419","targetHints":{"allow":["GET"]}}],"collection":[{"href":"https:\/\/www.altominho.tv\/site\/wp-json\/wp\/v2\/posts"}],"about":[{"href":"https:\/\/www.altominho.tv\/site\/wp-json\/wp\/v2\/types\/post"}],"author":[{"embeddable":true,"href":"https:\/\/www.altominho.tv\/site\/wp-json\/wp\/v2\/users\/13"}],"replies":[{"embeddable":true,"href":"https:\/\/www.altominho.tv\/site\/wp-json\/wp\/v2\/comments?post=104419"}],"version-history":[{"count":1,"href":"https:\/\/www.altominho.tv\/site\/wp-json\/wp\/v2\/posts\/104419\/revisions"}],"predecessor-version":[{"id":104420,"href":"https:\/\/www.altominho.tv\/site\/wp-json\/wp\/v2\/posts\/104419\/revisions\/104420"}],"wp:featuredmedia":[{"embeddable":true,"href":"https:\/\/www.altominho.tv\/site\/wp-json\/wp\/v2\/media\/79770"}],"wp:attachment":[{"href":"https:\/\/www.altominho.tv\/site\/wp-json\/wp\/v2\/media?parent=104419"}],"wp:term":[{"taxonomy":"category","embeddable":true,"href":"https:\/\/www.altominho.tv\/site\/wp-json\/wp\/v2\/categories?post=104419"},{"taxonomy":"post_tag","embeddable":true,"href":"https:\/\/www.altominho.tv\/site\/wp-json\/wp\/v2\/tags?post=104419"}],"curies":[{"name":"wp","href":"https:\/\/api.w.org\/{rel}","templated":true}]}}