{"id":104407,"date":"2024-02-14T09:22:12","date_gmt":"2024-02-14T09:22:12","guid":{"rendered":"https:\/\/www.altominho.tv\/site\/?p=104407"},"modified":"2024-02-14T09:22:14","modified_gmt":"2024-02-14T09:22:14","slug":"bienal-promove-mais-um-dia-aberto-no-museu-a-17-de-fevereiro","status":"publish","type":"post","link":"https:\/\/www.altominho.tv\/site\/2024\/02\/14\/bienal-promove-mais-um-dia-aberto-no-museu-a-17-de-fevereiro\/","title":{"rendered":"Bienal promove mais um &#8220;Dia Aberto no Museu&#8221; a 17 de fevereiro"},"content":{"rendered":"<p>A Funda\u00e7\u00e3o Bienal de Arte de Cerveira (FBAC) promove este s\u00e1bado, 17 de fevereiro, mais um &#8220;Dia Aberto no Museu&#8221;, no \u00e2mbito do 3\u00ba ciclo de exposi\u00e7\u00f5es do bi\u00e9nio 2023\/2024.<\/p>\n<p>Para al\u00e9m da entrada gratuita aos espa\u00e7os expositivos, o programa prev\u00ea uma conversa com alguns artistas representados na exposi\u00e7\u00e3o \u201cPERSPETIVA 24 a partir das conversas entre Helena Mendes Pereira e Jo\u00e3o Ribas\u201d.<\/p>\n<p>A iniciativa \u201cDias Abertos no Museu Bienal de Cerveira\u201d apresenta-se como um programa de ativa\u00e7\u00e3o de atividades paralelas \u00e0s exposi\u00e7\u00f5es patentes que decorre maioritariamente aos s\u00e1bados. O objetivo consiste em trabalhar o di\u00e1logo com a comunidade, atrav\u00e9s da literacia pelas Artes, da media\u00e7\u00e3o cultural e do contacto direto com os artistas.<\/p>\n<p>A participa\u00e7\u00e3o no programa \u00e9 gratuita, bem como o acesso aos espa\u00e7os expositivos nos dias indicados.<\/p>\n<p>A FBAC integra a Rede Portuguesa de Arte Contempor\u00e2nea \u00e9 uma estrutura financiada pela Rep\u00fablica Portuguesa \u2013 Cultura \/ Dire\u00e7\u00e3o-Geral das Artes.<\/p>\n","protected":false},"excerpt":{"rendered":"<p>A Funda\u00e7\u00e3o Bienal de Arte de Cerveira (FBAC) promove este s\u00e1bado, 17 de fevereiro, mais um &#8220;Dia Aberto no Museu&#8221;, no \u00e2mbito do 3\u00ba ciclo de exposi\u00e7\u00f5es do bi\u00e9nio 2023\/2024. Para al\u00e9m da entrada gratuita aos espa\u00e7os expositivos, o programa prev\u00ea uma conversa com alguns artistas representados na exposi\u00e7\u00e3o \u201cPERSPETIVA 24 a partir das conversas [&hellip;]<\/p>\n","protected":false},"author":1,"featured_media":96381,"comment_status":"closed","ping_status":"closed","sticky":false,"template":"","format":"standard","meta":{"_exactmetrics_skip_tracking":false,"_exactmetrics_sitenote_active":false,"_exactmetrics_sitenote_note":"","_exactmetrics_sitenote_category":0,"footnotes":""},"categories":[15],"tags":[19],"class_list":["post-104407","post","type-post","status-publish","format-standard","has-post-thumbnail","hentry","category-vila-nova-de-cerveira","tag-cultura"],"yoast_head":"<!-- This site is optimized with the Yoast SEO Premium plugin v27.5 (Yoast SEO v27.5) - https:\/\/yoast.com\/product\/yoast-seo-premium-wordpress\/ -->\n<title>Bienal promove mais um &quot;Dia Aberto no Museu&quot; a 17 de fevereiro<\/title>\n<meta name=\"description\" content=\"A Funda\u00e7\u00e3o Bienal de Arte de Cerveira (FBAC) promove este s\u00e1bado, 17 de fevereiro, mais um &quot;Dia Aberto no Museu&quot;, no \u00e2mbito do 3\u00ba ciclo de exposi\u00e7\u00f5es do bi\u00e9nio 2023\/2024.\" \/>\n<meta name=\"robots\" content=\"index, follow, max-snippet:-1, max-image-preview:large, max-video-preview:-1\" \/>\n<link rel=\"canonical\" href=\"https:\/\/www.altominho.tv\/site\/2024\/02\/14\/bienal-promove-mais-um-dia-aberto-no-museu-a-17-de-fevereiro\/\" \/>\n<meta property=\"og:locale\" content=\"pt_PT\" \/>\n<meta property=\"og:type\" content=\"article\" \/>\n<meta property=\"og:title\" content=\"Bienal promove mais um &quot;Dia Aberto no Museu&quot; a 17 de fevereiro\" \/>\n<meta property=\"og:description\" content=\"A Funda\u00e7\u00e3o Bienal de Arte de Cerveira (FBAC) promove este s\u00e1bado, 17 de fevereiro, mais um &quot;Dia Aberto no Museu&quot;, no \u00e2mbito do 3\u00ba ciclo de exposi\u00e7\u00f5es do bi\u00e9nio 2023\/2024.\" \/>\n<meta property=\"og:url\" content=\"https:\/\/www.altominho.tv\/site\/2024\/02\/14\/bienal-promove-mais-um-dia-aberto-no-museu-a-17-de-fevereiro\/\" \/>\n<meta property=\"og:site_name\" content=\"Altominho.tv\" \/>\n<meta property=\"article:publisher\" content=\"https:\/\/www.facebook.com\/altominhotv\" \/>\n<meta property=\"article:published_time\" content=\"2024-02-14T09:22:12+00:00\" \/>\n<meta property=\"article:modified_time\" content=\"2024-02-14T09:22:14+00:00\" \/>\n<meta property=\"og:image\" content=\"https:\/\/www.altominho.tv\/site\/wp-content\/uploads\/2023\/09\/Museu-Bienal-de-Cerveira.jpg\" \/>\n\t<meta property=\"og:image:width\" content=\"2500\" \/>\n\t<meta property=\"og:image:height\" content=\"1667\" \/>\n\t<meta property=\"og:image:type\" content=\"image\/jpeg\" \/>\n<meta name=\"author\" content=\"Altominho.tv\" \/>\n<meta name=\"twitter:card\" content=\"summary_large_image\" \/>\n<meta name=\"twitter:creator\" content=\"@altominhoTV\" \/>\n<meta name=\"twitter:site\" content=\"@altominhoTV\" \/>\n<meta name=\"twitter:label1\" content=\"Escrito por\" \/>\n\t<meta name=\"twitter:data1\" content=\"Altominho.tv\" \/>\n\t<meta name=\"twitter:label2\" content=\"Tempo estimado de leitura\" \/>\n\t<meta name=\"twitter:data2\" content=\"2 minutos\" \/>\n<script type=\"application\/ld+json\" class=\"yoast-schema-graph\">{\"@context\":\"https:\\\/\\\/schema.org\",\"@graph\":[{\"@type\":\"Article\",\"@id\":\"https:\\\/\\\/www.altominho.tv\\\/site\\\/2024\\\/02\\\/14\\\/bienal-promove-mais-um-dia-aberto-no-museu-a-17-de-fevereiro\\\/#article\",\"isPartOf\":{\"@id\":\"https:\\\/\\\/www.altominho.tv\\\/site\\\/2024\\\/02\\\/14\\\/bienal-promove-mais-um-dia-aberto-no-museu-a-17-de-fevereiro\\\/\"},\"author\":{\"name\":\"Altominho.tv\",\"@id\":\"https:\\\/\\\/www.altominho.tv\\\/site\\\/#\\\/schema\\\/person\\\/4e536851627d7914baf3dac752b6af22\"},\"headline\":\"Bienal promove mais um &#8220;Dia Aberto no Museu&#8221; a 17 de fevereiro\",\"datePublished\":\"2024-02-14T09:22:12+00:00\",\"dateModified\":\"2024-02-14T09:22:14+00:00\",\"mainEntityOfPage\":{\"@id\":\"https:\\\/\\\/www.altominho.tv\\\/site\\\/2024\\\/02\\\/14\\\/bienal-promove-mais-um-dia-aberto-no-museu-a-17-de-fevereiro\\\/\"},\"wordCount\":173,\"image\":{\"@id\":\"https:\\\/\\\/www.altominho.tv\\\/site\\\/2024\\\/02\\\/14\\\/bienal-promove-mais-um-dia-aberto-no-museu-a-17-de-fevereiro\\\/#primaryimage\"},\"thumbnailUrl\":\"https:\\\/\\\/www.altominho.tv\\\/site\\\/wp-content\\\/uploads\\\/2023\\\/09\\\/Museu-Bienal-de-Cerveira.jpg\",\"keywords\":[\"Cultura\"],\"articleSection\":[\"Vila Nova de Cerveira\"],\"inLanguage\":\"pt-PT\",\"copyrightYear\":\"2024\",\"copyrightHolder\":{\"@id\":\"https:\\\/\\\/www.altominho.tv\\\/site\\\/#organization\"}},{\"@type\":\"WebPage\",\"@id\":\"https:\\\/\\\/www.altominho.tv\\\/site\\\/2024\\\/02\\\/14\\\/bienal-promove-mais-um-dia-aberto-no-museu-a-17-de-fevereiro\\\/\",\"url\":\"https:\\\/\\\/www.altominho.tv\\\/site\\\/2024\\\/02\\\/14\\\/bienal-promove-mais-um-dia-aberto-no-museu-a-17-de-fevereiro\\\/\",\"name\":\"Bienal promove mais um \\\"Dia Aberto no Museu\\\" a 17 de fevereiro\",\"isPartOf\":{\"@id\":\"https:\\\/\\\/www.altominho.tv\\\/site\\\/#website\"},\"primaryImageOfPage\":{\"@id\":\"https:\\\/\\\/www.altominho.tv\\\/site\\\/2024\\\/02\\\/14\\\/bienal-promove-mais-um-dia-aberto-no-museu-a-17-de-fevereiro\\\/#primaryimage\"},\"image\":{\"@id\":\"https:\\\/\\\/www.altominho.tv\\\/site\\\/2024\\\/02\\\/14\\\/bienal-promove-mais-um-dia-aberto-no-museu-a-17-de-fevereiro\\\/#primaryimage\"},\"thumbnailUrl\":\"https:\\\/\\\/www.altominho.tv\\\/site\\\/wp-content\\\/uploads\\\/2023\\\/09\\\/Museu-Bienal-de-Cerveira.jpg\",\"datePublished\":\"2024-02-14T09:22:12+00:00\",\"dateModified\":\"2024-02-14T09:22:14+00:00\",\"author\":{\"@id\":\"https:\\\/\\\/www.altominho.tv\\\/site\\\/#\\\/schema\\\/person\\\/4e536851627d7914baf3dac752b6af22\"},\"description\":\"A Funda\u00e7\u00e3o Bienal de Arte de Cerveira (FBAC) promove este s\u00e1bado, 17 de fevereiro, mais um \\\"Dia Aberto no Museu\\\", no \u00e2mbito do 3\u00ba ciclo de exposi\u00e7\u00f5es do bi\u00e9nio 2023\\\/2024.\",\"breadcrumb\":{\"@id\":\"https:\\\/\\\/www.altominho.tv\\\/site\\\/2024\\\/02\\\/14\\\/bienal-promove-mais-um-dia-aberto-no-museu-a-17-de-fevereiro\\\/#breadcrumb\"},\"inLanguage\":\"pt-PT\",\"potentialAction\":[{\"@type\":\"ReadAction\",\"target\":[\"https:\\\/\\\/www.altominho.tv\\\/site\\\/2024\\\/02\\\/14\\\/bienal-promove-mais-um-dia-aberto-no-museu-a-17-de-fevereiro\\\/\"]}]},{\"@type\":\"ImageObject\",\"inLanguage\":\"pt-PT\",\"@id\":\"https:\\\/\\\/www.altominho.tv\\\/site\\\/2024\\\/02\\\/14\\\/bienal-promove-mais-um-dia-aberto-no-museu-a-17-de-fevereiro\\\/#primaryimage\",\"url\":\"https:\\\/\\\/www.altominho.tv\\\/site\\\/wp-content\\\/uploads\\\/2023\\\/09\\\/Museu-Bienal-de-Cerveira.jpg\",\"contentUrl\":\"https:\\\/\\\/www.altominho.tv\\\/site\\\/wp-content\\\/uploads\\\/2023\\\/09\\\/Museu-Bienal-de-Cerveira.jpg\",\"width\":2500,\"height\":1667},{\"@type\":\"BreadcrumbList\",\"@id\":\"https:\\\/\\\/www.altominho.tv\\\/site\\\/2024\\\/02\\\/14\\\/bienal-promove-mais-um-dia-aberto-no-museu-a-17-de-fevereiro\\\/#breadcrumb\",\"itemListElement\":[{\"@type\":\"ListItem\",\"position\":1,\"name\":\"In\u00edcio\",\"item\":\"https:\\\/\\\/www.altominho.tv\\\/site\\\/\"},{\"@type\":\"ListItem\",\"position\":2,\"name\":\"Bienal promove mais um &#8220;Dia Aberto no Museu&#8221; a 17 de fevereiro\"}]},{\"@type\":\"WebSite\",\"@id\":\"https:\\\/\\\/www.altominho.tv\\\/site\\\/#website\",\"url\":\"https:\\\/\\\/www.altominho.tv\\\/site\\\/\",\"name\":\"Altominho.tv\",\"description\":\"A sua regi\u00e3o \u00e0 dist\u00e2ncia de um clique...\",\"potentialAction\":[{\"@type\":\"SearchAction\",\"target\":{\"@type\":\"EntryPoint\",\"urlTemplate\":\"https:\\\/\\\/www.altominho.tv\\\/site\\\/?s={search_term_string}\"},\"query-input\":{\"@type\":\"PropertyValueSpecification\",\"valueRequired\":true,\"valueName\":\"search_term_string\"}}],\"inLanguage\":\"pt-PT\"},{\"@type\":\"Person\",\"@id\":\"https:\\\/\\\/www.altominho.tv\\\/site\\\/#\\\/schema\\\/person\\\/4e536851627d7914baf3dac752b6af22\",\"name\":\"Altominho.tv\",\"image\":{\"@type\":\"ImageObject\",\"inLanguage\":\"pt-PT\",\"@id\":\"https:\\\/\\\/www.altominho.tv\\\/site\\\/wp-content\\\/uploads\\\/2019\\\/11\\\/Logo_Avatar_2-150x150.jpg\",\"url\":\"https:\\\/\\\/www.altominho.tv\\\/site\\\/wp-content\\\/uploads\\\/2019\\\/11\\\/Logo_Avatar_2-150x150.jpg\",\"contentUrl\":\"https:\\\/\\\/www.altominho.tv\\\/site\\\/wp-content\\\/uploads\\\/2019\\\/11\\\/Logo_Avatar_2-150x150.jpg\",\"caption\":\"Altominho.tv\"},\"url\":\"https:\\\/\\\/www.altominho.tv\\\/site\\\/author\\\/altominhotv-tecnico\\\/\"}]}<\/script>\n<!-- \/ Yoast SEO Premium plugin. -->","yoast_head_json":{"title":"Bienal promove mais um \"Dia Aberto no Museu\" a 17 de fevereiro","description":"A Funda\u00e7\u00e3o Bienal de Arte de Cerveira (FBAC) promove este s\u00e1bado, 17 de fevereiro, mais um \"Dia Aberto no Museu\", no \u00e2mbito do 3\u00ba ciclo de exposi\u00e7\u00f5es do bi\u00e9nio 2023\/2024.","robots":{"index":"index","follow":"follow","max-snippet":"max-snippet:-1","max-image-preview":"max-image-preview:large","max-video-preview":"max-video-preview:-1"},"canonical":"https:\/\/www.altominho.tv\/site\/2024\/02\/14\/bienal-promove-mais-um-dia-aberto-no-museu-a-17-de-fevereiro\/","og_locale":"pt_PT","og_type":"article","og_title":"Bienal promove mais um \"Dia Aberto no Museu\" a 17 de fevereiro","og_description":"A Funda\u00e7\u00e3o Bienal de Arte de Cerveira (FBAC) promove este s\u00e1bado, 17 de fevereiro, mais um \"Dia Aberto no Museu\", no \u00e2mbito do 3\u00ba ciclo de exposi\u00e7\u00f5es do bi\u00e9nio 2023\/2024.","og_url":"https:\/\/www.altominho.tv\/site\/2024\/02\/14\/bienal-promove-mais-um-dia-aberto-no-museu-a-17-de-fevereiro\/","og_site_name":"Altominho.tv","article_publisher":"https:\/\/www.facebook.com\/altominhotv","article_published_time":"2024-02-14T09:22:12+00:00","article_modified_time":"2024-02-14T09:22:14+00:00","og_image":[{"width":2500,"height":1667,"url":"https:\/\/www.altominho.tv\/site\/wp-content\/uploads\/2023\/09\/Museu-Bienal-de-Cerveira.jpg","type":"image\/jpeg"}],"author":"Altominho.tv","twitter_card":"summary_large_image","twitter_creator":"@altominhoTV","twitter_site":"@altominhoTV","twitter_misc":{"Escrito por":"Altominho.tv","Tempo estimado de leitura":"2 minutos"},"schema":{"@context":"https:\/\/schema.org","@graph":[{"@type":"Article","@id":"https:\/\/www.altominho.tv\/site\/2024\/02\/14\/bienal-promove-mais-um-dia-aberto-no-museu-a-17-de-fevereiro\/#article","isPartOf":{"@id":"https:\/\/www.altominho.tv\/site\/2024\/02\/14\/bienal-promove-mais-um-dia-aberto-no-museu-a-17-de-fevereiro\/"},"author":{"name":"Altominho.tv","@id":"https:\/\/www.altominho.tv\/site\/#\/schema\/person\/4e536851627d7914baf3dac752b6af22"},"headline":"Bienal promove mais um &#8220;Dia Aberto no Museu&#8221; a 17 de fevereiro","datePublished":"2024-02-14T09:22:12+00:00","dateModified":"2024-02-14T09:22:14+00:00","mainEntityOfPage":{"@id":"https:\/\/www.altominho.tv\/site\/2024\/02\/14\/bienal-promove-mais-um-dia-aberto-no-museu-a-17-de-fevereiro\/"},"wordCount":173,"image":{"@id":"https:\/\/www.altominho.tv\/site\/2024\/02\/14\/bienal-promove-mais-um-dia-aberto-no-museu-a-17-de-fevereiro\/#primaryimage"},"thumbnailUrl":"https:\/\/www.altominho.tv\/site\/wp-content\/uploads\/2023\/09\/Museu-Bienal-de-Cerveira.jpg","keywords":["Cultura"],"articleSection":["Vila Nova de Cerveira"],"inLanguage":"pt-PT","copyrightYear":"2024","copyrightHolder":{"@id":"https:\/\/www.altominho.tv\/site\/#organization"}},{"@type":"WebPage","@id":"https:\/\/www.altominho.tv\/site\/2024\/02\/14\/bienal-promove-mais-um-dia-aberto-no-museu-a-17-de-fevereiro\/","url":"https:\/\/www.altominho.tv\/site\/2024\/02\/14\/bienal-promove-mais-um-dia-aberto-no-museu-a-17-de-fevereiro\/","name":"Bienal promove mais um \"Dia Aberto no Museu\" a 17 de fevereiro","isPartOf":{"@id":"https:\/\/www.altominho.tv\/site\/#website"},"primaryImageOfPage":{"@id":"https:\/\/www.altominho.tv\/site\/2024\/02\/14\/bienal-promove-mais-um-dia-aberto-no-museu-a-17-de-fevereiro\/#primaryimage"},"image":{"@id":"https:\/\/www.altominho.tv\/site\/2024\/02\/14\/bienal-promove-mais-um-dia-aberto-no-museu-a-17-de-fevereiro\/#primaryimage"},"thumbnailUrl":"https:\/\/www.altominho.tv\/site\/wp-content\/uploads\/2023\/09\/Museu-Bienal-de-Cerveira.jpg","datePublished":"2024-02-14T09:22:12+00:00","dateModified":"2024-02-14T09:22:14+00:00","author":{"@id":"https:\/\/www.altominho.tv\/site\/#\/schema\/person\/4e536851627d7914baf3dac752b6af22"},"description":"A Funda\u00e7\u00e3o Bienal de Arte de Cerveira (FBAC) promove este s\u00e1bado, 17 de fevereiro, mais um \"Dia Aberto no Museu\", no \u00e2mbito do 3\u00ba ciclo de exposi\u00e7\u00f5es do bi\u00e9nio 2023\/2024.","breadcrumb":{"@id":"https:\/\/www.altominho.tv\/site\/2024\/02\/14\/bienal-promove-mais-um-dia-aberto-no-museu-a-17-de-fevereiro\/#breadcrumb"},"inLanguage":"pt-PT","potentialAction":[{"@type":"ReadAction","target":["https:\/\/www.altominho.tv\/site\/2024\/02\/14\/bienal-promove-mais-um-dia-aberto-no-museu-a-17-de-fevereiro\/"]}]},{"@type":"ImageObject","inLanguage":"pt-PT","@id":"https:\/\/www.altominho.tv\/site\/2024\/02\/14\/bienal-promove-mais-um-dia-aberto-no-museu-a-17-de-fevereiro\/#primaryimage","url":"https:\/\/www.altominho.tv\/site\/wp-content\/uploads\/2023\/09\/Museu-Bienal-de-Cerveira.jpg","contentUrl":"https:\/\/www.altominho.tv\/site\/wp-content\/uploads\/2023\/09\/Museu-Bienal-de-Cerveira.jpg","width":2500,"height":1667},{"@type":"BreadcrumbList","@id":"https:\/\/www.altominho.tv\/site\/2024\/02\/14\/bienal-promove-mais-um-dia-aberto-no-museu-a-17-de-fevereiro\/#breadcrumb","itemListElement":[{"@type":"ListItem","position":1,"name":"In\u00edcio","item":"https:\/\/www.altominho.tv\/site\/"},{"@type":"ListItem","position":2,"name":"Bienal promove mais um &#8220;Dia Aberto no Museu&#8221; a 17 de fevereiro"}]},{"@type":"WebSite","@id":"https:\/\/www.altominho.tv\/site\/#website","url":"https:\/\/www.altominho.tv\/site\/","name":"Altominho.tv","description":"A sua regi\u00e3o \u00e0 dist\u00e2ncia de um clique...","potentialAction":[{"@type":"SearchAction","target":{"@type":"EntryPoint","urlTemplate":"https:\/\/www.altominho.tv\/site\/?s={search_term_string}"},"query-input":{"@type":"PropertyValueSpecification","valueRequired":true,"valueName":"search_term_string"}}],"inLanguage":"pt-PT"},{"@type":"Person","@id":"https:\/\/www.altominho.tv\/site\/#\/schema\/person\/4e536851627d7914baf3dac752b6af22","name":"Altominho.tv","image":{"@type":"ImageObject","inLanguage":"pt-PT","@id":"https:\/\/www.altominho.tv\/site\/wp-content\/uploads\/2019\/11\/Logo_Avatar_2-150x150.jpg","url":"https:\/\/www.altominho.tv\/site\/wp-content\/uploads\/2019\/11\/Logo_Avatar_2-150x150.jpg","contentUrl":"https:\/\/www.altominho.tv\/site\/wp-content\/uploads\/2019\/11\/Logo_Avatar_2-150x150.jpg","caption":"Altominho.tv"},"url":"https:\/\/www.altominho.tv\/site\/author\/altominhotv-tecnico\/"}]}},"_links":{"self":[{"href":"https:\/\/www.altominho.tv\/site\/wp-json\/wp\/v2\/posts\/104407","targetHints":{"allow":["GET"]}}],"collection":[{"href":"https:\/\/www.altominho.tv\/site\/wp-json\/wp\/v2\/posts"}],"about":[{"href":"https:\/\/www.altominho.tv\/site\/wp-json\/wp\/v2\/types\/post"}],"author":[{"embeddable":true,"href":"https:\/\/www.altominho.tv\/site\/wp-json\/wp\/v2\/users\/1"}],"replies":[{"embeddable":true,"href":"https:\/\/www.altominho.tv\/site\/wp-json\/wp\/v2\/comments?post=104407"}],"version-history":[{"count":1,"href":"https:\/\/www.altominho.tv\/site\/wp-json\/wp\/v2\/posts\/104407\/revisions"}],"predecessor-version":[{"id":104408,"href":"https:\/\/www.altominho.tv\/site\/wp-json\/wp\/v2\/posts\/104407\/revisions\/104408"}],"wp:featuredmedia":[{"embeddable":true,"href":"https:\/\/www.altominho.tv\/site\/wp-json\/wp\/v2\/media\/96381"}],"wp:attachment":[{"href":"https:\/\/www.altominho.tv\/site\/wp-json\/wp\/v2\/media?parent=104407"}],"wp:term":[{"taxonomy":"category","embeddable":true,"href":"https:\/\/www.altominho.tv\/site\/wp-json\/wp\/v2\/categories?post=104407"},{"taxonomy":"post_tag","embeddable":true,"href":"https:\/\/www.altominho.tv\/site\/wp-json\/wp\/v2\/tags?post=104407"}],"curies":[{"name":"wp","href":"https:\/\/api.w.org\/{rel}","templated":true}]}}