{"id":104084,"date":"2024-02-01T10:30:16","date_gmt":"2024-02-01T10:30:16","guid":{"rendered":"https:\/\/www.altominho.tv\/site\/?p=104084"},"modified":"2024-02-01T10:30:19","modified_gmt":"2024-02-01T10:30:19","slug":"paredes-de-coura-cultura-3","status":"publish","type":"post","link":"https:\/\/www.altominho.tv\/site\/2024\/02\/01\/paredes-de-coura-cultura-3\/","title":{"rendered":"Fevereiro traz m\u00fasica, com\u00e9dia e dan\u00e7a a Coura"},"content":{"rendered":"\n<p>As can\u00e7\u00f5es de Valter Lobo, a com\u00e9dia dram\u00e1tica escrita por Gilles Dyrek \u2018O regresso de Ricardo III no comboio das 9h24\u2019 e a dan\u00e7a contempor\u00e2nea com o espet\u00e1culo \u2018Akrasia\u2019, mas tamb\u00e9m o congresso \u2018Meteorologia e Altera\u00e7\u00f5es Clim\u00e1ticas\u2019 ou a exposi\u00e7\u00e3o \u2018Fogo frio \u2013 prevenir o inc\u00eandio com o fogo\u2019, bem como os programas \u2018Fam\u00edlia\u2019 e \u2018Beb\u00e9s\u2019 ou o muito cinema com as grandes produ\u00e7\u00f5es que atravessam o cartaz neste in\u00edcio de ano marcam a oferta para este m\u00eas de fevereiro em Paredes de Coura.<\/p>\n\n\n\n<p>J\u00e1 a 9 de fevereiro\u00a0Valter Lobo\u00a0ser\u00e1 recebido pelo p\u00fablico\u00a0courense. O artista vem confirmando\u00a0um trajeto seguro que come\u00e7ou a desenhar-se em 2013 com \u2018Inverno\u2019 e se tem consolidado desde 2016 com o seu primeiro \u00e1lbum, \u2018Mediterr\u00e2neo\u2019.<\/p>\n\n\n\n<p>Por sua vez,\u00a0a com\u00e9dia dram\u00e1tica \u2018O regresso de Ricardo III no comboio das 9h24\u2019 traz-nos,\u00a0a 16 de fevereiro,\u00a0uma reuni\u00e3o de fam\u00edlia como nunca viu.<\/p>\n\n\n\n<p>Tamb\u00e9m&nbsp;Joana Jardim e Filipe Miranda&nbsp;prop\u00f5em-nos a&nbsp;23 de fevereiro a&nbsp;pe\u00e7a perform\u00e1tica de dan\u00e7a, v\u00eddeo e m\u00fasica ao vivo \u2018Akrasia\u2019, que se traduz pela&nbsp;ocupa\u00e7\u00e3o de espa\u00e7os e do&nbsp;pr\u00f3ximo, o viver de um c\u00edrculo, a intimidade&nbsp;arquitetural&nbsp;dos equil\u00edbrios.<\/p>\n\n\n\n<p>No cinema,&nbsp;no Centro Cultural h\u00e1&nbsp;as proje\u00e7\u00f5es de \u2018Dogman\u2019, j\u00e1 este fim de semana, mas tamb\u00e9m \u2018Johnny Puff: miss\u00e3o secreta\u2019, \u2018Pobres Criaturas\u2019 e \u2018The Beekeeper \u2013 O Protetor\u2019, para al\u00e9m do&nbsp;ciclo&nbsp;Ler Cinema este m\u00eas com a presen\u00e7a de Mariana B\u00e1rtolo, realizadora de curtas-metragens.<\/p>\n","protected":false},"excerpt":{"rendered":"<p>As can\u00e7\u00f5es de Valter Lobo, a com\u00e9dia dram\u00e1tica escrita por Gilles Dyrek \u2018O regresso de Ricardo III no comboio das 9h24\u2019 e a dan\u00e7a contempor\u00e2nea com o espet\u00e1culo \u2018Akrasia\u2019, mas tamb\u00e9m o congresso \u2018Meteorologia e Altera\u00e7\u00f5es Clim\u00e1ticas\u2019 ou a exposi\u00e7\u00e3o \u2018Fogo frio \u2013 prevenir o inc\u00eandio com o fogo\u2019, bem como os programas \u2018Fam\u00edlia\u2019 e [&hellip;]<\/p>\n","protected":false},"author":7,"featured_media":104085,"comment_status":"closed","ping_status":"closed","sticky":false,"template":"","format":"standard","meta":{"_exactmetrics_skip_tracking":false,"_exactmetrics_sitenote_active":false,"_exactmetrics_sitenote_note":"","_exactmetrics_sitenote_category":0,"footnotes":""},"categories":[10],"tags":[19,27],"class_list":["post-104084","post","type-post","status-publish","format-standard","has-post-thumbnail","hentry","category-paredes-de-coura","tag-cultura","tag-sociedade"],"yoast_head":"<!-- This site is optimized with the Yoast SEO Premium plugin v27.4 (Yoast SEO v27.4) - https:\/\/yoast.com\/product\/yoast-seo-premium-wordpress\/ -->\n<title>Fevereiro traz m\u00fasica, com\u00e9dia e dan\u00e7a a Coura<\/title>\n<meta name=\"description\" content=\"As can\u00e7\u00f5es de Valter Lobo, a com\u00e9dia dram\u00e1tica escrita por Gilles Dyrek \u2018O regresso de Ricardo III no comboio das 9h24\u2019 e a dan\u00e7a contempor\u00e2nea com o espet\u00e1culo \u2018Akrasia\u2019, mas tamb\u00e9m o congresso \u2018Meteorologia e Altera\u00e7\u00f5es Clim\u00e1ticas\u2019 ou a exposi\u00e7\u00e3o \u2018Fogo frio \u2013 prevenir o inc\u00eandio com o fogo\u2019, bem como os programas \u2018Fam\u00edlia\u2019 e \u2018Beb\u00e9s\u2019 ou o muito cinema com as grandes produ\u00e7\u00f5es que atravessam o cartaz neste in\u00edcio de ano marcam a oferta para este m\u00eas de fevereiro em Paredes de Coura.\" \/>\n<meta name=\"robots\" content=\"index, follow, max-snippet:-1, max-image-preview:large, max-video-preview:-1\" \/>\n<link rel=\"canonical\" href=\"https:\/\/www.altominho.tv\/site\/2024\/02\/01\/paredes-de-coura-cultura-3\/\" \/>\n<meta property=\"og:locale\" content=\"pt_PT\" \/>\n<meta property=\"og:type\" content=\"article\" \/>\n<meta property=\"og:title\" content=\"Fevereiro traz m\u00fasica, com\u00e9dia e dan\u00e7a a Coura\" \/>\n<meta property=\"og:description\" content=\"As can\u00e7\u00f5es de Valter Lobo, a com\u00e9dia dram\u00e1tica escrita por Gilles Dyrek \u2018O regresso de Ricardo III no comboio das 9h24\u2019 e a dan\u00e7a contempor\u00e2nea com o espet\u00e1culo \u2018Akrasia\u2019, mas tamb\u00e9m o congresso \u2018Meteorologia e Altera\u00e7\u00f5es Clim\u00e1ticas\u2019 ou a exposi\u00e7\u00e3o \u2018Fogo frio \u2013 prevenir o inc\u00eandio com o fogo\u2019, bem como os programas \u2018Fam\u00edlia\u2019 e \u2018Beb\u00e9s\u2019 ou o muito cinema com as grandes produ\u00e7\u00f5es que atravessam o cartaz neste in\u00edcio de ano marcam a oferta para este m\u00eas de fevereiro em Paredes de Coura.\" \/>\n<meta property=\"og:url\" content=\"https:\/\/www.altominho.tv\/site\/2024\/02\/01\/paredes-de-coura-cultura-3\/\" \/>\n<meta property=\"og:site_name\" content=\"Altominho.tv\" \/>\n<meta property=\"article:publisher\" content=\"https:\/\/www.facebook.com\/altominhotv\" \/>\n<meta property=\"article:published_time\" content=\"2024-02-01T10:30:16+00:00\" \/>\n<meta property=\"article:modified_time\" content=\"2024-02-01T10:30:19+00:00\" \/>\n<meta property=\"og:image\" content=\"https:\/\/www.altominho.tv\/site\/wp-content\/uploads\/2024\/02\/VALTER_LOBO.jpg\" \/>\n\t<meta property=\"og:image:width\" content=\"851\" \/>\n\t<meta property=\"og:image:height\" content=\"540\" \/>\n\t<meta property=\"og:image:type\" content=\"image\/jpeg\" \/>\n<meta name=\"author\" content=\"Andreia Cunha\" \/>\n<meta name=\"twitter:card\" content=\"summary_large_image\" \/>\n<meta name=\"twitter:creator\" content=\"@altominhoTV\" \/>\n<meta name=\"twitter:site\" content=\"@altominhoTV\" \/>\n<meta name=\"twitter:label1\" content=\"Escrito por\" \/>\n\t<meta name=\"twitter:data1\" content=\"Andreia Cunha\" \/>\n\t<meta name=\"twitter:label2\" content=\"Tempo estimado de leitura\" \/>\n\t<meta name=\"twitter:data2\" content=\"2 minutos\" \/>\n<script type=\"application\/ld+json\" class=\"yoast-schema-graph\">{\"@context\":\"https:\\\/\\\/schema.org\",\"@graph\":[{\"@type\":\"Article\",\"@id\":\"https:\\\/\\\/www.altominho.tv\\\/site\\\/2024\\\/02\\\/01\\\/paredes-de-coura-cultura-3\\\/#article\",\"isPartOf\":{\"@id\":\"https:\\\/\\\/www.altominho.tv\\\/site\\\/2024\\\/02\\\/01\\\/paredes-de-coura-cultura-3\\\/\"},\"author\":{\"name\":\"Andreia Cunha\",\"@id\":\"https:\\\/\\\/www.altominho.tv\\\/site\\\/#\\\/schema\\\/person\\\/a0e4ef6d041f98ca284393d8f1d97153\"},\"headline\":\"Fevereiro traz m\u00fasica, com\u00e9dia e dan\u00e7a a Coura\",\"datePublished\":\"2024-02-01T10:30:16+00:00\",\"dateModified\":\"2024-02-01T10:30:19+00:00\",\"mainEntityOfPage\":{\"@id\":\"https:\\\/\\\/www.altominho.tv\\\/site\\\/2024\\\/02\\\/01\\\/paredes-de-coura-cultura-3\\\/\"},\"wordCount\":296,\"image\":{\"@id\":\"https:\\\/\\\/www.altominho.tv\\\/site\\\/2024\\\/02\\\/01\\\/paredes-de-coura-cultura-3\\\/#primaryimage\"},\"thumbnailUrl\":\"https:\\\/\\\/www.altominho.tv\\\/site\\\/wp-content\\\/uploads\\\/2024\\\/02\\\/VALTER_LOBO.jpg\",\"keywords\":[\"Cultura\",\"Sociedade\"],\"articleSection\":[\"Paredes de Coura\"],\"inLanguage\":\"pt-PT\",\"copyrightYear\":\"2024\",\"copyrightHolder\":{\"@id\":\"https:\\\/\\\/www.altominho.tv\\\/site\\\/#organization\"}},{\"@type\":\"WebPage\",\"@id\":\"https:\\\/\\\/www.altominho.tv\\\/site\\\/2024\\\/02\\\/01\\\/paredes-de-coura-cultura-3\\\/\",\"url\":\"https:\\\/\\\/www.altominho.tv\\\/site\\\/2024\\\/02\\\/01\\\/paredes-de-coura-cultura-3\\\/\",\"name\":\"Fevereiro traz m\u00fasica, com\u00e9dia e dan\u00e7a a Coura\",\"isPartOf\":{\"@id\":\"https:\\\/\\\/www.altominho.tv\\\/site\\\/#website\"},\"primaryImageOfPage\":{\"@id\":\"https:\\\/\\\/www.altominho.tv\\\/site\\\/2024\\\/02\\\/01\\\/paredes-de-coura-cultura-3\\\/#primaryimage\"},\"image\":{\"@id\":\"https:\\\/\\\/www.altominho.tv\\\/site\\\/2024\\\/02\\\/01\\\/paredes-de-coura-cultura-3\\\/#primaryimage\"},\"thumbnailUrl\":\"https:\\\/\\\/www.altominho.tv\\\/site\\\/wp-content\\\/uploads\\\/2024\\\/02\\\/VALTER_LOBO.jpg\",\"datePublished\":\"2024-02-01T10:30:16+00:00\",\"dateModified\":\"2024-02-01T10:30:19+00:00\",\"author\":{\"@id\":\"https:\\\/\\\/www.altominho.tv\\\/site\\\/#\\\/schema\\\/person\\\/a0e4ef6d041f98ca284393d8f1d97153\"},\"description\":\"As can\u00e7\u00f5es de Valter Lobo, a com\u00e9dia dram\u00e1tica escrita por Gilles Dyrek \u2018O regresso de Ricardo III no comboio das 9h24\u2019 e a dan\u00e7a contempor\u00e2nea com o espet\u00e1culo \u2018Akrasia\u2019, mas tamb\u00e9m o congresso \u2018Meteorologia e Altera\u00e7\u00f5es Clim\u00e1ticas\u2019 ou a exposi\u00e7\u00e3o \u2018Fogo frio \u2013 prevenir o inc\u00eandio com o fogo\u2019, bem como os programas \u2018Fam\u00edlia\u2019 e \u2018Beb\u00e9s\u2019 ou o muito cinema com as grandes produ\u00e7\u00f5es que atravessam o cartaz neste in\u00edcio de ano marcam a oferta para este m\u00eas de fevereiro em Paredes de Coura.\",\"breadcrumb\":{\"@id\":\"https:\\\/\\\/www.altominho.tv\\\/site\\\/2024\\\/02\\\/01\\\/paredes-de-coura-cultura-3\\\/#breadcrumb\"},\"inLanguage\":\"pt-PT\",\"potentialAction\":[{\"@type\":\"ReadAction\",\"target\":[\"https:\\\/\\\/www.altominho.tv\\\/site\\\/2024\\\/02\\\/01\\\/paredes-de-coura-cultura-3\\\/\"]}]},{\"@type\":\"ImageObject\",\"inLanguage\":\"pt-PT\",\"@id\":\"https:\\\/\\\/www.altominho.tv\\\/site\\\/2024\\\/02\\\/01\\\/paredes-de-coura-cultura-3\\\/#primaryimage\",\"url\":\"https:\\\/\\\/www.altominho.tv\\\/site\\\/wp-content\\\/uploads\\\/2024\\\/02\\\/VALTER_LOBO.jpg\",\"contentUrl\":\"https:\\\/\\\/www.altominho.tv\\\/site\\\/wp-content\\\/uploads\\\/2024\\\/02\\\/VALTER_LOBO.jpg\",\"width\":851,\"height\":540},{\"@type\":\"BreadcrumbList\",\"@id\":\"https:\\\/\\\/www.altominho.tv\\\/site\\\/2024\\\/02\\\/01\\\/paredes-de-coura-cultura-3\\\/#breadcrumb\",\"itemListElement\":[{\"@type\":\"ListItem\",\"position\":1,\"name\":\"In\u00edcio\",\"item\":\"https:\\\/\\\/www.altominho.tv\\\/site\\\/\"},{\"@type\":\"ListItem\",\"position\":2,\"name\":\"Fevereiro traz m\u00fasica, com\u00e9dia e dan\u00e7a a Coura\"}]},{\"@type\":\"WebSite\",\"@id\":\"https:\\\/\\\/www.altominho.tv\\\/site\\\/#website\",\"url\":\"https:\\\/\\\/www.altominho.tv\\\/site\\\/\",\"name\":\"Altominho.tv\",\"description\":\"A sua regi\u00e3o \u00e0 dist\u00e2ncia de um clique...\",\"potentialAction\":[{\"@type\":\"SearchAction\",\"target\":{\"@type\":\"EntryPoint\",\"urlTemplate\":\"https:\\\/\\\/www.altominho.tv\\\/site\\\/?s={search_term_string}\"},\"query-input\":{\"@type\":\"PropertyValueSpecification\",\"valueRequired\":true,\"valueName\":\"search_term_string\"}}],\"inLanguage\":\"pt-PT\"},{\"@type\":\"Person\",\"@id\":\"https:\\\/\\\/www.altominho.tv\\\/site\\\/#\\\/schema\\\/person\\\/a0e4ef6d041f98ca284393d8f1d97153\",\"name\":\"Andreia Cunha\",\"image\":{\"@type\":\"ImageObject\",\"inLanguage\":\"pt-PT\",\"@id\":\"https:\\\/\\\/www.altominho.tv\\\/site\\\/wp-content\\\/uploads\\\/2017\\\/11\\\/Andreia_Cunha-1-150x150.jpg\",\"url\":\"https:\\\/\\\/www.altominho.tv\\\/site\\\/wp-content\\\/uploads\\\/2017\\\/11\\\/Andreia_Cunha-1-150x150.jpg\",\"contentUrl\":\"https:\\\/\\\/www.altominho.tv\\\/site\\\/wp-content\\\/uploads\\\/2017\\\/11\\\/Andreia_Cunha-1-150x150.jpg\",\"caption\":\"Andreia Cunha\"},\"url\":\"https:\\\/\\\/www.altominho.tv\\\/site\\\/author\\\/andreiacunha\\\/\"}]}<\/script>\n<!-- \/ Yoast SEO Premium plugin. -->","yoast_head_json":{"title":"Fevereiro traz m\u00fasica, com\u00e9dia e dan\u00e7a a Coura","description":"As can\u00e7\u00f5es de Valter Lobo, a com\u00e9dia dram\u00e1tica escrita por Gilles Dyrek \u2018O regresso de Ricardo III no comboio das 9h24\u2019 e a dan\u00e7a contempor\u00e2nea com o espet\u00e1culo \u2018Akrasia\u2019, mas tamb\u00e9m o congresso \u2018Meteorologia e Altera\u00e7\u00f5es Clim\u00e1ticas\u2019 ou a exposi\u00e7\u00e3o \u2018Fogo frio \u2013 prevenir o inc\u00eandio com o fogo\u2019, bem como os programas \u2018Fam\u00edlia\u2019 e \u2018Beb\u00e9s\u2019 ou o muito cinema com as grandes produ\u00e7\u00f5es que atravessam o cartaz neste in\u00edcio de ano marcam a oferta para este m\u00eas de fevereiro em Paredes de Coura.","robots":{"index":"index","follow":"follow","max-snippet":"max-snippet:-1","max-image-preview":"max-image-preview:large","max-video-preview":"max-video-preview:-1"},"canonical":"https:\/\/www.altominho.tv\/site\/2024\/02\/01\/paredes-de-coura-cultura-3\/","og_locale":"pt_PT","og_type":"article","og_title":"Fevereiro traz m\u00fasica, com\u00e9dia e dan\u00e7a a Coura","og_description":"As can\u00e7\u00f5es de Valter Lobo, a com\u00e9dia dram\u00e1tica escrita por Gilles Dyrek \u2018O regresso de Ricardo III no comboio das 9h24\u2019 e a dan\u00e7a contempor\u00e2nea com o espet\u00e1culo \u2018Akrasia\u2019, mas tamb\u00e9m o congresso \u2018Meteorologia e Altera\u00e7\u00f5es Clim\u00e1ticas\u2019 ou a exposi\u00e7\u00e3o \u2018Fogo frio \u2013 prevenir o inc\u00eandio com o fogo\u2019, bem como os programas \u2018Fam\u00edlia\u2019 e \u2018Beb\u00e9s\u2019 ou o muito cinema com as grandes produ\u00e7\u00f5es que atravessam o cartaz neste in\u00edcio de ano marcam a oferta para este m\u00eas de fevereiro em Paredes de Coura.","og_url":"https:\/\/www.altominho.tv\/site\/2024\/02\/01\/paredes-de-coura-cultura-3\/","og_site_name":"Altominho.tv","article_publisher":"https:\/\/www.facebook.com\/altominhotv","article_published_time":"2024-02-01T10:30:16+00:00","article_modified_time":"2024-02-01T10:30:19+00:00","og_image":[{"width":851,"height":540,"url":"https:\/\/www.altominho.tv\/site\/wp-content\/uploads\/2024\/02\/VALTER_LOBO.jpg","type":"image\/jpeg"}],"author":"Andreia Cunha","twitter_card":"summary_large_image","twitter_creator":"@altominhoTV","twitter_site":"@altominhoTV","twitter_misc":{"Escrito por":"Andreia Cunha","Tempo estimado de leitura":"2 minutos"},"schema":{"@context":"https:\/\/schema.org","@graph":[{"@type":"Article","@id":"https:\/\/www.altominho.tv\/site\/2024\/02\/01\/paredes-de-coura-cultura-3\/#article","isPartOf":{"@id":"https:\/\/www.altominho.tv\/site\/2024\/02\/01\/paredes-de-coura-cultura-3\/"},"author":{"name":"Andreia Cunha","@id":"https:\/\/www.altominho.tv\/site\/#\/schema\/person\/a0e4ef6d041f98ca284393d8f1d97153"},"headline":"Fevereiro traz m\u00fasica, com\u00e9dia e dan\u00e7a a Coura","datePublished":"2024-02-01T10:30:16+00:00","dateModified":"2024-02-01T10:30:19+00:00","mainEntityOfPage":{"@id":"https:\/\/www.altominho.tv\/site\/2024\/02\/01\/paredes-de-coura-cultura-3\/"},"wordCount":296,"image":{"@id":"https:\/\/www.altominho.tv\/site\/2024\/02\/01\/paredes-de-coura-cultura-3\/#primaryimage"},"thumbnailUrl":"https:\/\/www.altominho.tv\/site\/wp-content\/uploads\/2024\/02\/VALTER_LOBO.jpg","keywords":["Cultura","Sociedade"],"articleSection":["Paredes de Coura"],"inLanguage":"pt-PT","copyrightYear":"2024","copyrightHolder":{"@id":"https:\/\/www.altominho.tv\/site\/#organization"}},{"@type":"WebPage","@id":"https:\/\/www.altominho.tv\/site\/2024\/02\/01\/paredes-de-coura-cultura-3\/","url":"https:\/\/www.altominho.tv\/site\/2024\/02\/01\/paredes-de-coura-cultura-3\/","name":"Fevereiro traz m\u00fasica, com\u00e9dia e dan\u00e7a a Coura","isPartOf":{"@id":"https:\/\/www.altominho.tv\/site\/#website"},"primaryImageOfPage":{"@id":"https:\/\/www.altominho.tv\/site\/2024\/02\/01\/paredes-de-coura-cultura-3\/#primaryimage"},"image":{"@id":"https:\/\/www.altominho.tv\/site\/2024\/02\/01\/paredes-de-coura-cultura-3\/#primaryimage"},"thumbnailUrl":"https:\/\/www.altominho.tv\/site\/wp-content\/uploads\/2024\/02\/VALTER_LOBO.jpg","datePublished":"2024-02-01T10:30:16+00:00","dateModified":"2024-02-01T10:30:19+00:00","author":{"@id":"https:\/\/www.altominho.tv\/site\/#\/schema\/person\/a0e4ef6d041f98ca284393d8f1d97153"},"description":"As can\u00e7\u00f5es de Valter Lobo, a com\u00e9dia dram\u00e1tica escrita por Gilles Dyrek \u2018O regresso de Ricardo III no comboio das 9h24\u2019 e a dan\u00e7a contempor\u00e2nea com o espet\u00e1culo \u2018Akrasia\u2019, mas tamb\u00e9m o congresso \u2018Meteorologia e Altera\u00e7\u00f5es Clim\u00e1ticas\u2019 ou a exposi\u00e7\u00e3o \u2018Fogo frio \u2013 prevenir o inc\u00eandio com o fogo\u2019, bem como os programas \u2018Fam\u00edlia\u2019 e \u2018Beb\u00e9s\u2019 ou o muito cinema com as grandes produ\u00e7\u00f5es que atravessam o cartaz neste in\u00edcio de ano marcam a oferta para este m\u00eas de fevereiro em Paredes de Coura.","breadcrumb":{"@id":"https:\/\/www.altominho.tv\/site\/2024\/02\/01\/paredes-de-coura-cultura-3\/#breadcrumb"},"inLanguage":"pt-PT","potentialAction":[{"@type":"ReadAction","target":["https:\/\/www.altominho.tv\/site\/2024\/02\/01\/paredes-de-coura-cultura-3\/"]}]},{"@type":"ImageObject","inLanguage":"pt-PT","@id":"https:\/\/www.altominho.tv\/site\/2024\/02\/01\/paredes-de-coura-cultura-3\/#primaryimage","url":"https:\/\/www.altominho.tv\/site\/wp-content\/uploads\/2024\/02\/VALTER_LOBO.jpg","contentUrl":"https:\/\/www.altominho.tv\/site\/wp-content\/uploads\/2024\/02\/VALTER_LOBO.jpg","width":851,"height":540},{"@type":"BreadcrumbList","@id":"https:\/\/www.altominho.tv\/site\/2024\/02\/01\/paredes-de-coura-cultura-3\/#breadcrumb","itemListElement":[{"@type":"ListItem","position":1,"name":"In\u00edcio","item":"https:\/\/www.altominho.tv\/site\/"},{"@type":"ListItem","position":2,"name":"Fevereiro traz m\u00fasica, com\u00e9dia e dan\u00e7a a Coura"}]},{"@type":"WebSite","@id":"https:\/\/www.altominho.tv\/site\/#website","url":"https:\/\/www.altominho.tv\/site\/","name":"Altominho.tv","description":"A sua regi\u00e3o \u00e0 dist\u00e2ncia de um clique...","potentialAction":[{"@type":"SearchAction","target":{"@type":"EntryPoint","urlTemplate":"https:\/\/www.altominho.tv\/site\/?s={search_term_string}"},"query-input":{"@type":"PropertyValueSpecification","valueRequired":true,"valueName":"search_term_string"}}],"inLanguage":"pt-PT"},{"@type":"Person","@id":"https:\/\/www.altominho.tv\/site\/#\/schema\/person\/a0e4ef6d041f98ca284393d8f1d97153","name":"Andreia Cunha","image":{"@type":"ImageObject","inLanguage":"pt-PT","@id":"https:\/\/www.altominho.tv\/site\/wp-content\/uploads\/2017\/11\/Andreia_Cunha-1-150x150.jpg","url":"https:\/\/www.altominho.tv\/site\/wp-content\/uploads\/2017\/11\/Andreia_Cunha-1-150x150.jpg","contentUrl":"https:\/\/www.altominho.tv\/site\/wp-content\/uploads\/2017\/11\/Andreia_Cunha-1-150x150.jpg","caption":"Andreia Cunha"},"url":"https:\/\/www.altominho.tv\/site\/author\/andreiacunha\/"}]}},"_links":{"self":[{"href":"https:\/\/www.altominho.tv\/site\/wp-json\/wp\/v2\/posts\/104084","targetHints":{"allow":["GET"]}}],"collection":[{"href":"https:\/\/www.altominho.tv\/site\/wp-json\/wp\/v2\/posts"}],"about":[{"href":"https:\/\/www.altominho.tv\/site\/wp-json\/wp\/v2\/types\/post"}],"author":[{"embeddable":true,"href":"https:\/\/www.altominho.tv\/site\/wp-json\/wp\/v2\/users\/7"}],"replies":[{"embeddable":true,"href":"https:\/\/www.altominho.tv\/site\/wp-json\/wp\/v2\/comments?post=104084"}],"version-history":[{"count":1,"href":"https:\/\/www.altominho.tv\/site\/wp-json\/wp\/v2\/posts\/104084\/revisions"}],"predecessor-version":[{"id":104086,"href":"https:\/\/www.altominho.tv\/site\/wp-json\/wp\/v2\/posts\/104084\/revisions\/104086"}],"wp:featuredmedia":[{"embeddable":true,"href":"https:\/\/www.altominho.tv\/site\/wp-json\/wp\/v2\/media\/104085"}],"wp:attachment":[{"href":"https:\/\/www.altominho.tv\/site\/wp-json\/wp\/v2\/media?parent=104084"}],"wp:term":[{"taxonomy":"category","embeddable":true,"href":"https:\/\/www.altominho.tv\/site\/wp-json\/wp\/v2\/categories?post=104084"},{"taxonomy":"post_tag","embeddable":true,"href":"https:\/\/www.altominho.tv\/site\/wp-json\/wp\/v2\/tags?post=104084"}],"curies":[{"name":"wp","href":"https:\/\/api.w.org\/{rel}","templated":true}]}}