{"id":104060,"date":"2024-01-31T14:03:01","date_gmt":"2024-01-31T14:03:01","guid":{"rendered":"https:\/\/www.altominho.tv\/site\/?p=104060"},"modified":"2024-01-31T14:03:04","modified_gmt":"2024-01-31T14:03:04","slug":"limperatrice-regressam-ao-vodafone-paredes-de-coura-em-2024","status":"publish","type":"post","link":"https:\/\/www.altominho.tv\/site\/2024\/01\/31\/limperatrice-regressam-ao-vodafone-paredes-de-coura-em-2024\/","title":{"rendered":"L&#8217;Imp\u00e9ratrice regressam ao Vodafone Paredes de Coura em 2024"},"content":{"rendered":"<p class=\"p2\">O Vodafone Paredes de Coura revelou mais seis nomes para a edi\u00e7\u00e3o de 2024, que se realiza de 14 a 17 de agosto.<\/p>\n<p>Os franceses L\u2019Imp\u00e9ratrice, que em 2022 deram um dos concertos mais celebrados do festival, regressar\u00e3o \u00e0 Praia Fluvial do Tabo\u00e3o este ver\u00e3o. A banda de Paris editou, no ano passado, o single \u2018Heartquake\u2019.<\/p>\n<p>Tamb\u00e9m confirmados est\u00e3o os londrinos Bar Italia e Los Bitchos, os norte-americanos Hotline TNT, o DJ brit\u00e2nico Vegyn e os Wolf Manhattan de Jo\u00e3o Vieira.<\/p>\n<p class=\"p1\">Os\u00a0passes gerais\u00a0para o Vodafone Paredes de Coura j\u00e1 se encontram dispon\u00edveis na\u00a0DICE\u00a0e\u00a0locais habituais\u00a0(FNAC, CTT e El Cort\u00e9 Ingl\u00e9s) pelo valor de 120\u20ac.<\/p>\n","protected":false},"excerpt":{"rendered":"<p>O Vodafone Paredes de Coura revelou mais seis nomes para a edi\u00e7\u00e3o de 2024, que se realiza de 14 a 17 de agosto. Os franceses L\u2019Imp\u00e9ratrice, que em 2022 deram um dos concertos mais celebrados do festival, regressar\u00e3o \u00e0 Praia Fluvial do Tabo\u00e3o este ver\u00e3o. A banda de Paris editou, no ano passado, o single [&hellip;]<\/p>\n","protected":false},"author":1,"featured_media":104061,"comment_status":"closed","ping_status":"closed","sticky":false,"template":"","format":"standard","meta":{"_exactmetrics_skip_tracking":false,"_exactmetrics_sitenote_active":false,"_exactmetrics_sitenote_note":"","_exactmetrics_sitenote_category":0,"footnotes":""},"categories":[10],"tags":[24],"class_list":["post-104060","post","type-post","status-publish","format-standard","has-post-thumbnail","hentry","category-paredes-de-coura","tag-lazer"],"yoast_head":"<!-- This site is optimized with the Yoast SEO Premium plugin v27.4 (Yoast SEO v27.4) - https:\/\/yoast.com\/product\/yoast-seo-premium-wordpress\/ -->\n<title>L&#039;Imp\u00e9ratrice regressam ao Vodafone Paredes de Coura em 2024<\/title>\n<meta name=\"description\" content=\"O Vodafone Paredes de Coura revelou mais seis nomes para a edi\u00e7\u00e3o de 2024, que se realiza de 14 a 17 de agosto.\" \/>\n<meta name=\"robots\" content=\"index, follow, max-snippet:-1, max-image-preview:large, max-video-preview:-1\" \/>\n<link rel=\"canonical\" href=\"https:\/\/www.altominho.tv\/site\/2024\/01\/31\/limperatrice-regressam-ao-vodafone-paredes-de-coura-em-2024\/\" \/>\n<meta property=\"og:locale\" content=\"pt_PT\" \/>\n<meta property=\"og:type\" content=\"article\" \/>\n<meta property=\"og:title\" content=\"L&#039;Imp\u00e9ratrice regressam ao Vodafone Paredes de Coura em 2024\" \/>\n<meta property=\"og:description\" content=\"O Vodafone Paredes de Coura revelou mais seis nomes para a edi\u00e7\u00e3o de 2024, que se realiza de 14 a 17 de agosto.\" \/>\n<meta property=\"og:url\" content=\"https:\/\/www.altominho.tv\/site\/2024\/01\/31\/limperatrice-regressam-ao-vodafone-paredes-de-coura-em-2024\/\" \/>\n<meta property=\"og:site_name\" content=\"Altominho.tv\" \/>\n<meta property=\"article:publisher\" content=\"https:\/\/www.facebook.com\/altominhotv\" \/>\n<meta property=\"article:published_time\" content=\"2024-01-31T14:03:01+00:00\" \/>\n<meta property=\"article:modified_time\" content=\"2024-01-31T14:03:04+00:00\" \/>\n<meta property=\"og:image\" content=\"https:\/\/www.altominho.tv\/site\/wp-content\/uploads\/2024\/01\/l-imperatrice-e1706709179205.jpeg\" \/>\n\t<meta property=\"og:image:width\" content=\"1920\" \/>\n\t<meta property=\"og:image:height\" content=\"1081\" \/>\n\t<meta property=\"og:image:type\" content=\"image\/jpeg\" \/>\n<meta name=\"author\" content=\"Altominho.tv\" \/>\n<meta name=\"twitter:card\" content=\"summary_large_image\" \/>\n<meta name=\"twitter:creator\" content=\"@altominhoTV\" \/>\n<meta name=\"twitter:site\" content=\"@altominhoTV\" \/>\n<meta name=\"twitter:label1\" content=\"Escrito por\" \/>\n\t<meta name=\"twitter:data1\" content=\"Altominho.tv\" \/>\n\t<meta name=\"twitter:label2\" content=\"Tempo estimado de leitura\" \/>\n\t<meta name=\"twitter:data2\" content=\"1 minuto\" \/>\n<script type=\"application\/ld+json\" class=\"yoast-schema-graph\">{\"@context\":\"https:\\\/\\\/schema.org\",\"@graph\":[{\"@type\":\"Article\",\"@id\":\"https:\\\/\\\/www.altominho.tv\\\/site\\\/2024\\\/01\\\/31\\\/limperatrice-regressam-ao-vodafone-paredes-de-coura-em-2024\\\/#article\",\"isPartOf\":{\"@id\":\"https:\\\/\\\/www.altominho.tv\\\/site\\\/2024\\\/01\\\/31\\\/limperatrice-regressam-ao-vodafone-paredes-de-coura-em-2024\\\/\"},\"author\":{\"name\":\"Altominho.tv\",\"@id\":\"https:\\\/\\\/www.altominho.tv\\\/site\\\/#\\\/schema\\\/person\\\/4e536851627d7914baf3dac752b6af22\"},\"headline\":\"L&#8217;Imp\u00e9ratrice regressam ao Vodafone Paredes de Coura em 2024\",\"datePublished\":\"2024-01-31T14:03:01+00:00\",\"dateModified\":\"2024-01-31T14:03:04+00:00\",\"mainEntityOfPage\":{\"@id\":\"https:\\\/\\\/www.altominho.tv\\\/site\\\/2024\\\/01\\\/31\\\/limperatrice-regressam-ao-vodafone-paredes-de-coura-em-2024\\\/\"},\"wordCount\":124,\"image\":{\"@id\":\"https:\\\/\\\/www.altominho.tv\\\/site\\\/2024\\\/01\\\/31\\\/limperatrice-regressam-ao-vodafone-paredes-de-coura-em-2024\\\/#primaryimage\"},\"thumbnailUrl\":\"https:\\\/\\\/www.altominho.tv\\\/site\\\/wp-content\\\/uploads\\\/2024\\\/01\\\/l-imperatrice-e1706709179205.jpeg\",\"keywords\":[\"Lazer\"],\"articleSection\":[\"Paredes de Coura\"],\"inLanguage\":\"pt-PT\",\"copyrightYear\":\"2024\",\"copyrightHolder\":{\"@id\":\"https:\\\/\\\/www.altominho.tv\\\/site\\\/#organization\"}},{\"@type\":\"WebPage\",\"@id\":\"https:\\\/\\\/www.altominho.tv\\\/site\\\/2024\\\/01\\\/31\\\/limperatrice-regressam-ao-vodafone-paredes-de-coura-em-2024\\\/\",\"url\":\"https:\\\/\\\/www.altominho.tv\\\/site\\\/2024\\\/01\\\/31\\\/limperatrice-regressam-ao-vodafone-paredes-de-coura-em-2024\\\/\",\"name\":\"L'Imp\u00e9ratrice regressam ao Vodafone Paredes de Coura em 2024\",\"isPartOf\":{\"@id\":\"https:\\\/\\\/www.altominho.tv\\\/site\\\/#website\"},\"primaryImageOfPage\":{\"@id\":\"https:\\\/\\\/www.altominho.tv\\\/site\\\/2024\\\/01\\\/31\\\/limperatrice-regressam-ao-vodafone-paredes-de-coura-em-2024\\\/#primaryimage\"},\"image\":{\"@id\":\"https:\\\/\\\/www.altominho.tv\\\/site\\\/2024\\\/01\\\/31\\\/limperatrice-regressam-ao-vodafone-paredes-de-coura-em-2024\\\/#primaryimage\"},\"thumbnailUrl\":\"https:\\\/\\\/www.altominho.tv\\\/site\\\/wp-content\\\/uploads\\\/2024\\\/01\\\/l-imperatrice-e1706709179205.jpeg\",\"datePublished\":\"2024-01-31T14:03:01+00:00\",\"dateModified\":\"2024-01-31T14:03:04+00:00\",\"author\":{\"@id\":\"https:\\\/\\\/www.altominho.tv\\\/site\\\/#\\\/schema\\\/person\\\/4e536851627d7914baf3dac752b6af22\"},\"description\":\"O Vodafone Paredes de Coura revelou mais seis nomes para a edi\u00e7\u00e3o de 2024, que se realiza de 14 a 17 de agosto.\",\"breadcrumb\":{\"@id\":\"https:\\\/\\\/www.altominho.tv\\\/site\\\/2024\\\/01\\\/31\\\/limperatrice-regressam-ao-vodafone-paredes-de-coura-em-2024\\\/#breadcrumb\"},\"inLanguage\":\"pt-PT\",\"potentialAction\":[{\"@type\":\"ReadAction\",\"target\":[\"https:\\\/\\\/www.altominho.tv\\\/site\\\/2024\\\/01\\\/31\\\/limperatrice-regressam-ao-vodafone-paredes-de-coura-em-2024\\\/\"]}]},{\"@type\":\"ImageObject\",\"inLanguage\":\"pt-PT\",\"@id\":\"https:\\\/\\\/www.altominho.tv\\\/site\\\/2024\\\/01\\\/31\\\/limperatrice-regressam-ao-vodafone-paredes-de-coura-em-2024\\\/#primaryimage\",\"url\":\"https:\\\/\\\/www.altominho.tv\\\/site\\\/wp-content\\\/uploads\\\/2024\\\/01\\\/l-imperatrice-e1706709179205.jpeg\",\"contentUrl\":\"https:\\\/\\\/www.altominho.tv\\\/site\\\/wp-content\\\/uploads\\\/2024\\\/01\\\/l-imperatrice-e1706709179205.jpeg\",\"width\":1920,\"height\":1081},{\"@type\":\"BreadcrumbList\",\"@id\":\"https:\\\/\\\/www.altominho.tv\\\/site\\\/2024\\\/01\\\/31\\\/limperatrice-regressam-ao-vodafone-paredes-de-coura-em-2024\\\/#breadcrumb\",\"itemListElement\":[{\"@type\":\"ListItem\",\"position\":1,\"name\":\"In\u00edcio\",\"item\":\"https:\\\/\\\/www.altominho.tv\\\/site\\\/\"},{\"@type\":\"ListItem\",\"position\":2,\"name\":\"L&#8217;Imp\u00e9ratrice regressam ao Vodafone Paredes de Coura em 2024\"}]},{\"@type\":\"WebSite\",\"@id\":\"https:\\\/\\\/www.altominho.tv\\\/site\\\/#website\",\"url\":\"https:\\\/\\\/www.altominho.tv\\\/site\\\/\",\"name\":\"Altominho.tv\",\"description\":\"A sua regi\u00e3o \u00e0 dist\u00e2ncia de um clique...\",\"potentialAction\":[{\"@type\":\"SearchAction\",\"target\":{\"@type\":\"EntryPoint\",\"urlTemplate\":\"https:\\\/\\\/www.altominho.tv\\\/site\\\/?s={search_term_string}\"},\"query-input\":{\"@type\":\"PropertyValueSpecification\",\"valueRequired\":true,\"valueName\":\"search_term_string\"}}],\"inLanguage\":\"pt-PT\"},{\"@type\":\"Person\",\"@id\":\"https:\\\/\\\/www.altominho.tv\\\/site\\\/#\\\/schema\\\/person\\\/4e536851627d7914baf3dac752b6af22\",\"name\":\"Altominho.tv\",\"image\":{\"@type\":\"ImageObject\",\"inLanguage\":\"pt-PT\",\"@id\":\"https:\\\/\\\/www.altominho.tv\\\/site\\\/wp-content\\\/uploads\\\/2019\\\/11\\\/Logo_Avatar_2-150x150.jpg\",\"url\":\"https:\\\/\\\/www.altominho.tv\\\/site\\\/wp-content\\\/uploads\\\/2019\\\/11\\\/Logo_Avatar_2-150x150.jpg\",\"contentUrl\":\"https:\\\/\\\/www.altominho.tv\\\/site\\\/wp-content\\\/uploads\\\/2019\\\/11\\\/Logo_Avatar_2-150x150.jpg\",\"caption\":\"Altominho.tv\"},\"url\":\"https:\\\/\\\/www.altominho.tv\\\/site\\\/author\\\/altominhotv-tecnico\\\/\"}]}<\/script>\n<!-- \/ Yoast SEO Premium plugin. -->","yoast_head_json":{"title":"L'Imp\u00e9ratrice regressam ao Vodafone Paredes de Coura em 2024","description":"O Vodafone Paredes de Coura revelou mais seis nomes para a edi\u00e7\u00e3o de 2024, que se realiza de 14 a 17 de agosto.","robots":{"index":"index","follow":"follow","max-snippet":"max-snippet:-1","max-image-preview":"max-image-preview:large","max-video-preview":"max-video-preview:-1"},"canonical":"https:\/\/www.altominho.tv\/site\/2024\/01\/31\/limperatrice-regressam-ao-vodafone-paredes-de-coura-em-2024\/","og_locale":"pt_PT","og_type":"article","og_title":"L'Imp\u00e9ratrice regressam ao Vodafone Paredes de Coura em 2024","og_description":"O Vodafone Paredes de Coura revelou mais seis nomes para a edi\u00e7\u00e3o de 2024, que se realiza de 14 a 17 de agosto.","og_url":"https:\/\/www.altominho.tv\/site\/2024\/01\/31\/limperatrice-regressam-ao-vodafone-paredes-de-coura-em-2024\/","og_site_name":"Altominho.tv","article_publisher":"https:\/\/www.facebook.com\/altominhotv","article_published_time":"2024-01-31T14:03:01+00:00","article_modified_time":"2024-01-31T14:03:04+00:00","og_image":[{"width":1920,"height":1081,"url":"https:\/\/www.altominho.tv\/site\/wp-content\/uploads\/2024\/01\/l-imperatrice-e1706709179205.jpeg","type":"image\/jpeg"}],"author":"Altominho.tv","twitter_card":"summary_large_image","twitter_creator":"@altominhoTV","twitter_site":"@altominhoTV","twitter_misc":{"Escrito por":"Altominho.tv","Tempo estimado de leitura":"1 minuto"},"schema":{"@context":"https:\/\/schema.org","@graph":[{"@type":"Article","@id":"https:\/\/www.altominho.tv\/site\/2024\/01\/31\/limperatrice-regressam-ao-vodafone-paredes-de-coura-em-2024\/#article","isPartOf":{"@id":"https:\/\/www.altominho.tv\/site\/2024\/01\/31\/limperatrice-regressam-ao-vodafone-paredes-de-coura-em-2024\/"},"author":{"name":"Altominho.tv","@id":"https:\/\/www.altominho.tv\/site\/#\/schema\/person\/4e536851627d7914baf3dac752b6af22"},"headline":"L&#8217;Imp\u00e9ratrice regressam ao Vodafone Paredes de Coura em 2024","datePublished":"2024-01-31T14:03:01+00:00","dateModified":"2024-01-31T14:03:04+00:00","mainEntityOfPage":{"@id":"https:\/\/www.altominho.tv\/site\/2024\/01\/31\/limperatrice-regressam-ao-vodafone-paredes-de-coura-em-2024\/"},"wordCount":124,"image":{"@id":"https:\/\/www.altominho.tv\/site\/2024\/01\/31\/limperatrice-regressam-ao-vodafone-paredes-de-coura-em-2024\/#primaryimage"},"thumbnailUrl":"https:\/\/www.altominho.tv\/site\/wp-content\/uploads\/2024\/01\/l-imperatrice-e1706709179205.jpeg","keywords":["Lazer"],"articleSection":["Paredes de Coura"],"inLanguage":"pt-PT","copyrightYear":"2024","copyrightHolder":{"@id":"https:\/\/www.altominho.tv\/site\/#organization"}},{"@type":"WebPage","@id":"https:\/\/www.altominho.tv\/site\/2024\/01\/31\/limperatrice-regressam-ao-vodafone-paredes-de-coura-em-2024\/","url":"https:\/\/www.altominho.tv\/site\/2024\/01\/31\/limperatrice-regressam-ao-vodafone-paredes-de-coura-em-2024\/","name":"L'Imp\u00e9ratrice regressam ao Vodafone Paredes de Coura em 2024","isPartOf":{"@id":"https:\/\/www.altominho.tv\/site\/#website"},"primaryImageOfPage":{"@id":"https:\/\/www.altominho.tv\/site\/2024\/01\/31\/limperatrice-regressam-ao-vodafone-paredes-de-coura-em-2024\/#primaryimage"},"image":{"@id":"https:\/\/www.altominho.tv\/site\/2024\/01\/31\/limperatrice-regressam-ao-vodafone-paredes-de-coura-em-2024\/#primaryimage"},"thumbnailUrl":"https:\/\/www.altominho.tv\/site\/wp-content\/uploads\/2024\/01\/l-imperatrice-e1706709179205.jpeg","datePublished":"2024-01-31T14:03:01+00:00","dateModified":"2024-01-31T14:03:04+00:00","author":{"@id":"https:\/\/www.altominho.tv\/site\/#\/schema\/person\/4e536851627d7914baf3dac752b6af22"},"description":"O Vodafone Paredes de Coura revelou mais seis nomes para a edi\u00e7\u00e3o de 2024, que se realiza de 14 a 17 de agosto.","breadcrumb":{"@id":"https:\/\/www.altominho.tv\/site\/2024\/01\/31\/limperatrice-regressam-ao-vodafone-paredes-de-coura-em-2024\/#breadcrumb"},"inLanguage":"pt-PT","potentialAction":[{"@type":"ReadAction","target":["https:\/\/www.altominho.tv\/site\/2024\/01\/31\/limperatrice-regressam-ao-vodafone-paredes-de-coura-em-2024\/"]}]},{"@type":"ImageObject","inLanguage":"pt-PT","@id":"https:\/\/www.altominho.tv\/site\/2024\/01\/31\/limperatrice-regressam-ao-vodafone-paredes-de-coura-em-2024\/#primaryimage","url":"https:\/\/www.altominho.tv\/site\/wp-content\/uploads\/2024\/01\/l-imperatrice-e1706709179205.jpeg","contentUrl":"https:\/\/www.altominho.tv\/site\/wp-content\/uploads\/2024\/01\/l-imperatrice-e1706709179205.jpeg","width":1920,"height":1081},{"@type":"BreadcrumbList","@id":"https:\/\/www.altominho.tv\/site\/2024\/01\/31\/limperatrice-regressam-ao-vodafone-paredes-de-coura-em-2024\/#breadcrumb","itemListElement":[{"@type":"ListItem","position":1,"name":"In\u00edcio","item":"https:\/\/www.altominho.tv\/site\/"},{"@type":"ListItem","position":2,"name":"L&#8217;Imp\u00e9ratrice regressam ao Vodafone Paredes de Coura em 2024"}]},{"@type":"WebSite","@id":"https:\/\/www.altominho.tv\/site\/#website","url":"https:\/\/www.altominho.tv\/site\/","name":"Altominho.tv","description":"A sua regi\u00e3o \u00e0 dist\u00e2ncia de um clique...","potentialAction":[{"@type":"SearchAction","target":{"@type":"EntryPoint","urlTemplate":"https:\/\/www.altominho.tv\/site\/?s={search_term_string}"},"query-input":{"@type":"PropertyValueSpecification","valueRequired":true,"valueName":"search_term_string"}}],"inLanguage":"pt-PT"},{"@type":"Person","@id":"https:\/\/www.altominho.tv\/site\/#\/schema\/person\/4e536851627d7914baf3dac752b6af22","name":"Altominho.tv","image":{"@type":"ImageObject","inLanguage":"pt-PT","@id":"https:\/\/www.altominho.tv\/site\/wp-content\/uploads\/2019\/11\/Logo_Avatar_2-150x150.jpg","url":"https:\/\/www.altominho.tv\/site\/wp-content\/uploads\/2019\/11\/Logo_Avatar_2-150x150.jpg","contentUrl":"https:\/\/www.altominho.tv\/site\/wp-content\/uploads\/2019\/11\/Logo_Avatar_2-150x150.jpg","caption":"Altominho.tv"},"url":"https:\/\/www.altominho.tv\/site\/author\/altominhotv-tecnico\/"}]}},"_links":{"self":[{"href":"https:\/\/www.altominho.tv\/site\/wp-json\/wp\/v2\/posts\/104060","targetHints":{"allow":["GET"]}}],"collection":[{"href":"https:\/\/www.altominho.tv\/site\/wp-json\/wp\/v2\/posts"}],"about":[{"href":"https:\/\/www.altominho.tv\/site\/wp-json\/wp\/v2\/types\/post"}],"author":[{"embeddable":true,"href":"https:\/\/www.altominho.tv\/site\/wp-json\/wp\/v2\/users\/1"}],"replies":[{"embeddable":true,"href":"https:\/\/www.altominho.tv\/site\/wp-json\/wp\/v2\/comments?post=104060"}],"version-history":[{"count":1,"href":"https:\/\/www.altominho.tv\/site\/wp-json\/wp\/v2\/posts\/104060\/revisions"}],"predecessor-version":[{"id":104063,"href":"https:\/\/www.altominho.tv\/site\/wp-json\/wp\/v2\/posts\/104060\/revisions\/104063"}],"wp:featuredmedia":[{"embeddable":true,"href":"https:\/\/www.altominho.tv\/site\/wp-json\/wp\/v2\/media\/104061"}],"wp:attachment":[{"href":"https:\/\/www.altominho.tv\/site\/wp-json\/wp\/v2\/media?parent=104060"}],"wp:term":[{"taxonomy":"category","embeddable":true,"href":"https:\/\/www.altominho.tv\/site\/wp-json\/wp\/v2\/categories?post=104060"},{"taxonomy":"post_tag","embeddable":true,"href":"https:\/\/www.altominho.tv\/site\/wp-json\/wp\/v2\/tags?post=104060"}],"curies":[{"name":"wp","href":"https:\/\/api.w.org\/{rel}","templated":true}]}}