{"id":103989,"date":"2024-01-29T16:09:23","date_gmt":"2024-01-29T16:09:23","guid":{"rendered":"https:\/\/www.altominho.tv\/site\/?p=103989"},"modified":"2024-01-29T16:10:40","modified_gmt":"2024-01-29T16:10:40","slug":"melgaco-alvarinho-trail-integra-pela-primeira-vez-o-campeonato-nacional-de-trail","status":"publish","type":"post","link":"https:\/\/www.altominho.tv\/site\/2024\/01\/29\/melgaco-alvarinho-trail-integra-pela-primeira-vez-o-campeonato-nacional-de-trail\/","title":{"rendered":"Melga\u00e7o Alvarinho Trail integra pela primeira vez o Campeonato Nacional de Trail"},"content":{"rendered":"<p class=\"p1\">O Melga\u00e7o Alvarinho Trail \u2013 Quintas de Melga\u00e7o (MAT) integra, pela primeira vez, o Campeonato Nacional de Trail, da ATRP &#8211; Associa\u00e7\u00e3o de Trail Running de Portugal. O evento, que vai na sua 9\u00aa edi\u00e7\u00e3o, acontece a 6 e 7 de abril no Munic\u00edpio de Melga\u00e7o.<\/p>\n<p class=\"p1\">A 6 de abril decorrer\u00e1 a prova que pontuar\u00e1 para o Campeonato Nacional de Trail, num percurso de 32km (s\u00e9rie 100), que corresponde aos mesmos trilhos da regi\u00e3o que, no dia seguinte, ser\u00e3o percorridos pelos atletas que participar\u00e3o no Trail Longo do IX Melga\u00e7o Alvarinho Trail \u2013 Quintas de Melga\u00e7o. As inscri\u00e7\u00f5es para o Campeonato abrem em mar\u00e7o.<\/p>\n<p class=\"p1\">O Melga\u00e7o Alvarinho Trail decorrer\u00e1 no dia 7 de abril e desafia os mais destemidos para as provas de Ultra Trail (48km \u2013 s\u00e9rie 100), de Trail Longo (32km\u2013 s\u00e9rie 100) e de Trail Curto (19km \u2013 s\u00e9rie 100). Para quem desejar percorrer a regi\u00e3o de uma forma mais descontra\u00edda, a proposta \u00e9 uma caminhada (11km).<\/p>\n<p class=\"p1\">Este evento integra, uma vez mais, os circuitos nacionais de trail da ATRP \u2013 Associa\u00e7\u00e3o de Trail running de Portugal, pontu\u00e1vel nas dist\u00e2ncias de Trail Longo, de Trail Ultra e Trail Curto.<\/p>\n<p class=\"p1\">A 9\u00aa edi\u00e7\u00e3o do Melga\u00e7o Alvarinho Trail \u2013 Quintas de Melga\u00e7o, um evento de refer\u00eancia no panorama regional e nacional, contempla as seguintes freguesias: U.F de Vila e Roussa; U.F. Chavi\u00e3es e Pa\u00e7os, Fi\u00e3es; U.F. de Castro Laboreiro e Lamas; S. Paio. Todas as provas arrancam no Largo Hermenegildo Solheiro, tendo a primeira partida pelas 08h00.<\/p>\n<p class=\"p1\">A idade m\u00ednima para participar no Trail Longo, no Ultra Trail e no Trail Curto \u00e9 de 18 anos e na caminhada \u00e9 a partir dos 14 anos, desde que acompanhados por um adulto (seio familiar di\u00e1rio) e ap\u00f3s preenchimento do respetivo termo de responsabilidade.<\/p>\n<p class=\"p1\">A 9\u00aa edi\u00e7\u00e3o do Melga\u00e7o Alvarinho Trail &#8211; Quintas de Melga\u00e7o (MAT) \u00e9 organizado pela Melsport \u2013 Melga\u00e7o, Desporto e Lazer EM., com apoio do Munic\u00edpio de Melga\u00e7o, a Associa\u00e7\u00e3o Trail Running de Portugal, a Associa\u00e7\u00e3o de Atletismo de Viana do Castelo e a Associa\u00e7\u00e3o Humanit\u00e1ria dos Bombeiros Volunt\u00e1rios de Melga\u00e7o.<\/p>\n<p>\u00a0As <a href=\"https:\/\/stopandgo.net\/events\/melgaco-alvarinho-trail-2024\" target=\"_blank\" rel=\"noopener\">inscri\u00e7\u00f5es j\u00e1 est\u00e3o abertas<\/a>, at\u00e9 31 de mar\u00e7o,\u00a0aqui.<\/p>\n","protected":false},"excerpt":{"rendered":"<p>O Melga\u00e7o Alvarinho Trail \u2013 Quintas de Melga\u00e7o (MAT) integra, pela primeira vez, o Campeonato Nacional de Trail, da ATRP &#8211; Associa\u00e7\u00e3o de Trail Running de Portugal. O evento, que vai na sua 9\u00aa edi\u00e7\u00e3o, acontece a 6 e 7 de abril no Munic\u00edpio de Melga\u00e7o. A 6 de abril decorrer\u00e1 a prova que pontuar\u00e1 [&hellip;]<\/p>\n","protected":false},"author":1,"featured_media":66600,"comment_status":"closed","ping_status":"closed","sticky":false,"template":"","format":"standard","meta":{"_exactmetrics_skip_tracking":false,"_exactmetrics_sitenote_active":false,"_exactmetrics_sitenote_note":"","_exactmetrics_sitenote_category":0,"footnotes":""},"categories":[8],"tags":[20],"class_list":["post-103989","post","type-post","status-publish","format-standard","has-post-thumbnail","hentry","category-melgaco","tag-desporto"],"yoast_head":"<!-- This site is optimized with the Yoast SEO Premium plugin v27.4 (Yoast SEO v27.4) - https:\/\/yoast.com\/product\/yoast-seo-premium-wordpress\/ -->\n<title>Melga\u00e7o Alvarinho Trail integra pela primeira vez o Campeonato Nacional de Trail<\/title>\n<meta name=\"description\" content=\"O Melga\u00e7o Alvarinho Trail \u2013 Quintas de Melga\u00e7o (MAT) integra, pela primeira vez, o Campeonato Nacional de Trail, da ATRP - Associa\u00e7\u00e3o de Trail Running de Portugal. O evento, que vai na sua 9\u00aa edi\u00e7\u00e3o, acontece a 6 e 7 de abril no Munic\u00edpio de Melga\u00e7o.\u00a0\" \/>\n<meta name=\"robots\" content=\"index, follow, max-snippet:-1, max-image-preview:large, max-video-preview:-1\" \/>\n<link rel=\"canonical\" href=\"https:\/\/www.altominho.tv\/site\/2024\/01\/29\/melgaco-alvarinho-trail-integra-pela-primeira-vez-o-campeonato-nacional-de-trail\/\" \/>\n<meta property=\"og:locale\" content=\"pt_PT\" \/>\n<meta property=\"og:type\" content=\"article\" \/>\n<meta property=\"og:title\" content=\"Melga\u00e7o Alvarinho Trail integra pela primeira vez o Campeonato Nacional de Trail\" \/>\n<meta property=\"og:description\" content=\"O Melga\u00e7o Alvarinho Trail \u2013 Quintas de Melga\u00e7o (MAT) integra, pela primeira vez, o Campeonato Nacional de Trail, da ATRP - Associa\u00e7\u00e3o de Trail Running de Portugal. O evento, que vai na sua 9\u00aa edi\u00e7\u00e3o, acontece a 6 e 7 de abril no Munic\u00edpio de Melga\u00e7o.\u00a0\" \/>\n<meta property=\"og:url\" content=\"https:\/\/www.altominho.tv\/site\/2024\/01\/29\/melgaco-alvarinho-trail-integra-pela-primeira-vez-o-campeonato-nacional-de-trail\/\" \/>\n<meta property=\"og:site_name\" content=\"Altominho.tv\" \/>\n<meta property=\"article:publisher\" content=\"https:\/\/www.facebook.com\/altominhotv\" \/>\n<meta property=\"article:published_time\" content=\"2024-01-29T16:09:23+00:00\" \/>\n<meta property=\"article:modified_time\" content=\"2024-01-29T16:10:40+00:00\" \/>\n<meta property=\"og:image\" content=\"https:\/\/www.altominho.tv\/site\/wp-content\/uploads\/2021\/05\/MELGACO-ALVARINHO-TRAIL-MATIAS-69-scaled.jpg\" \/>\n\t<meta property=\"og:image:width\" content=\"2560\" \/>\n\t<meta property=\"og:image:height\" content=\"1699\" \/>\n\t<meta property=\"og:image:type\" content=\"image\/jpeg\" \/>\n<meta name=\"author\" content=\"Altominho.tv\" \/>\n<meta name=\"twitter:card\" content=\"summary_large_image\" \/>\n<meta name=\"twitter:creator\" content=\"@altominhoTV\" \/>\n<meta name=\"twitter:site\" content=\"@altominhoTV\" \/>\n<meta name=\"twitter:label1\" content=\"Escrito por\" \/>\n\t<meta name=\"twitter:data1\" content=\"Altominho.tv\" \/>\n\t<meta name=\"twitter:label2\" content=\"Tempo estimado de leitura\" \/>\n\t<meta name=\"twitter:data2\" content=\"1 minuto\" \/>\n<script type=\"application\/ld+json\" class=\"yoast-schema-graph\">{\"@context\":\"https:\\\/\\\/schema.org\",\"@graph\":[{\"@type\":\"Article\",\"@id\":\"https:\\\/\\\/www.altominho.tv\\\/site\\\/2024\\\/01\\\/29\\\/melgaco-alvarinho-trail-integra-pela-primeira-vez-o-campeonato-nacional-de-trail\\\/#article\",\"isPartOf\":{\"@id\":\"https:\\\/\\\/www.altominho.tv\\\/site\\\/2024\\\/01\\\/29\\\/melgaco-alvarinho-trail-integra-pela-primeira-vez-o-campeonato-nacional-de-trail\\\/\"},\"author\":{\"name\":\"Altominho.tv\",\"@id\":\"https:\\\/\\\/www.altominho.tv\\\/site\\\/#\\\/schema\\\/person\\\/4e536851627d7914baf3dac752b6af22\"},\"headline\":\"Melga\u00e7o Alvarinho Trail integra pela primeira vez o Campeonato Nacional de Trail\",\"datePublished\":\"2024-01-29T16:09:23+00:00\",\"dateModified\":\"2024-01-29T16:10:40+00:00\",\"mainEntityOfPage\":{\"@id\":\"https:\\\/\\\/www.altominho.tv\\\/site\\\/2024\\\/01\\\/29\\\/melgaco-alvarinho-trail-integra-pela-primeira-vez-o-campeonato-nacional-de-trail\\\/\"},\"wordCount\":393,\"image\":{\"@id\":\"https:\\\/\\\/www.altominho.tv\\\/site\\\/2024\\\/01\\\/29\\\/melgaco-alvarinho-trail-integra-pela-primeira-vez-o-campeonato-nacional-de-trail\\\/#primaryimage\"},\"thumbnailUrl\":\"https:\\\/\\\/www.altominho.tv\\\/site\\\/wp-content\\\/uploads\\\/2021\\\/05\\\/MELGACO-ALVARINHO-TRAIL-MATIAS-69-scaled.jpg\",\"keywords\":[\"Desporto\"],\"articleSection\":[\"Melga\u00e7o\"],\"inLanguage\":\"pt-PT\",\"copyrightYear\":\"2024\",\"copyrightHolder\":{\"@id\":\"https:\\\/\\\/www.altominho.tv\\\/site\\\/#organization\"}},{\"@type\":\"WebPage\",\"@id\":\"https:\\\/\\\/www.altominho.tv\\\/site\\\/2024\\\/01\\\/29\\\/melgaco-alvarinho-trail-integra-pela-primeira-vez-o-campeonato-nacional-de-trail\\\/\",\"url\":\"https:\\\/\\\/www.altominho.tv\\\/site\\\/2024\\\/01\\\/29\\\/melgaco-alvarinho-trail-integra-pela-primeira-vez-o-campeonato-nacional-de-trail\\\/\",\"name\":\"Melga\u00e7o Alvarinho Trail integra pela primeira vez o Campeonato Nacional de Trail\",\"isPartOf\":{\"@id\":\"https:\\\/\\\/www.altominho.tv\\\/site\\\/#website\"},\"primaryImageOfPage\":{\"@id\":\"https:\\\/\\\/www.altominho.tv\\\/site\\\/2024\\\/01\\\/29\\\/melgaco-alvarinho-trail-integra-pela-primeira-vez-o-campeonato-nacional-de-trail\\\/#primaryimage\"},\"image\":{\"@id\":\"https:\\\/\\\/www.altominho.tv\\\/site\\\/2024\\\/01\\\/29\\\/melgaco-alvarinho-trail-integra-pela-primeira-vez-o-campeonato-nacional-de-trail\\\/#primaryimage\"},\"thumbnailUrl\":\"https:\\\/\\\/www.altominho.tv\\\/site\\\/wp-content\\\/uploads\\\/2021\\\/05\\\/MELGACO-ALVARINHO-TRAIL-MATIAS-69-scaled.jpg\",\"datePublished\":\"2024-01-29T16:09:23+00:00\",\"dateModified\":\"2024-01-29T16:10:40+00:00\",\"author\":{\"@id\":\"https:\\\/\\\/www.altominho.tv\\\/site\\\/#\\\/schema\\\/person\\\/4e536851627d7914baf3dac752b6af22\"},\"description\":\"O Melga\u00e7o Alvarinho Trail \u2013 Quintas de Melga\u00e7o (MAT) integra, pela primeira vez, o Campeonato Nacional de Trail, da ATRP - Associa\u00e7\u00e3o de Trail Running de Portugal. O evento, que vai na sua 9\u00aa edi\u00e7\u00e3o, acontece a 6 e 7 de abril no Munic\u00edpio de Melga\u00e7o.\u00a0\",\"breadcrumb\":{\"@id\":\"https:\\\/\\\/www.altominho.tv\\\/site\\\/2024\\\/01\\\/29\\\/melgaco-alvarinho-trail-integra-pela-primeira-vez-o-campeonato-nacional-de-trail\\\/#breadcrumb\"},\"inLanguage\":\"pt-PT\",\"potentialAction\":[{\"@type\":\"ReadAction\",\"target\":[\"https:\\\/\\\/www.altominho.tv\\\/site\\\/2024\\\/01\\\/29\\\/melgaco-alvarinho-trail-integra-pela-primeira-vez-o-campeonato-nacional-de-trail\\\/\"]}]},{\"@type\":\"ImageObject\",\"inLanguage\":\"pt-PT\",\"@id\":\"https:\\\/\\\/www.altominho.tv\\\/site\\\/2024\\\/01\\\/29\\\/melgaco-alvarinho-trail-integra-pela-primeira-vez-o-campeonato-nacional-de-trail\\\/#primaryimage\",\"url\":\"https:\\\/\\\/www.altominho.tv\\\/site\\\/wp-content\\\/uploads\\\/2021\\\/05\\\/MELGACO-ALVARINHO-TRAIL-MATIAS-69-scaled.jpg\",\"contentUrl\":\"https:\\\/\\\/www.altominho.tv\\\/site\\\/wp-content\\\/uploads\\\/2021\\\/05\\\/MELGACO-ALVARINHO-TRAIL-MATIAS-69-scaled.jpg\",\"width\":2560,\"height\":1699},{\"@type\":\"BreadcrumbList\",\"@id\":\"https:\\\/\\\/www.altominho.tv\\\/site\\\/2024\\\/01\\\/29\\\/melgaco-alvarinho-trail-integra-pela-primeira-vez-o-campeonato-nacional-de-trail\\\/#breadcrumb\",\"itemListElement\":[{\"@type\":\"ListItem\",\"position\":1,\"name\":\"In\u00edcio\",\"item\":\"https:\\\/\\\/www.altominho.tv\\\/site\\\/\"},{\"@type\":\"ListItem\",\"position\":2,\"name\":\"Melga\u00e7o Alvarinho Trail integra pela primeira vez o Campeonato Nacional de Trail\"}]},{\"@type\":\"WebSite\",\"@id\":\"https:\\\/\\\/www.altominho.tv\\\/site\\\/#website\",\"url\":\"https:\\\/\\\/www.altominho.tv\\\/site\\\/\",\"name\":\"Altominho.tv\",\"description\":\"A sua regi\u00e3o \u00e0 dist\u00e2ncia de um clique...\",\"potentialAction\":[{\"@type\":\"SearchAction\",\"target\":{\"@type\":\"EntryPoint\",\"urlTemplate\":\"https:\\\/\\\/www.altominho.tv\\\/site\\\/?s={search_term_string}\"},\"query-input\":{\"@type\":\"PropertyValueSpecification\",\"valueRequired\":true,\"valueName\":\"search_term_string\"}}],\"inLanguage\":\"pt-PT\"},{\"@type\":\"Person\",\"@id\":\"https:\\\/\\\/www.altominho.tv\\\/site\\\/#\\\/schema\\\/person\\\/4e536851627d7914baf3dac752b6af22\",\"name\":\"Altominho.tv\",\"image\":{\"@type\":\"ImageObject\",\"inLanguage\":\"pt-PT\",\"@id\":\"https:\\\/\\\/www.altominho.tv\\\/site\\\/wp-content\\\/uploads\\\/2019\\\/11\\\/Logo_Avatar_2-150x150.jpg\",\"url\":\"https:\\\/\\\/www.altominho.tv\\\/site\\\/wp-content\\\/uploads\\\/2019\\\/11\\\/Logo_Avatar_2-150x150.jpg\",\"contentUrl\":\"https:\\\/\\\/www.altominho.tv\\\/site\\\/wp-content\\\/uploads\\\/2019\\\/11\\\/Logo_Avatar_2-150x150.jpg\",\"caption\":\"Altominho.tv\"},\"url\":\"https:\\\/\\\/www.altominho.tv\\\/site\\\/author\\\/altominhotv-tecnico\\\/\"}]}<\/script>\n<!-- \/ Yoast SEO Premium plugin. -->","yoast_head_json":{"title":"Melga\u00e7o Alvarinho Trail integra pela primeira vez o Campeonato Nacional de Trail","description":"O Melga\u00e7o Alvarinho Trail \u2013 Quintas de Melga\u00e7o (MAT) integra, pela primeira vez, o Campeonato Nacional de Trail, da ATRP - Associa\u00e7\u00e3o de Trail Running de Portugal. O evento, que vai na sua 9\u00aa edi\u00e7\u00e3o, acontece a 6 e 7 de abril no Munic\u00edpio de Melga\u00e7o.\u00a0","robots":{"index":"index","follow":"follow","max-snippet":"max-snippet:-1","max-image-preview":"max-image-preview:large","max-video-preview":"max-video-preview:-1"},"canonical":"https:\/\/www.altominho.tv\/site\/2024\/01\/29\/melgaco-alvarinho-trail-integra-pela-primeira-vez-o-campeonato-nacional-de-trail\/","og_locale":"pt_PT","og_type":"article","og_title":"Melga\u00e7o Alvarinho Trail integra pela primeira vez o Campeonato Nacional de Trail","og_description":"O Melga\u00e7o Alvarinho Trail \u2013 Quintas de Melga\u00e7o (MAT) integra, pela primeira vez, o Campeonato Nacional de Trail, da ATRP - Associa\u00e7\u00e3o de Trail Running de Portugal. O evento, que vai na sua 9\u00aa edi\u00e7\u00e3o, acontece a 6 e 7 de abril no Munic\u00edpio de Melga\u00e7o.\u00a0","og_url":"https:\/\/www.altominho.tv\/site\/2024\/01\/29\/melgaco-alvarinho-trail-integra-pela-primeira-vez-o-campeonato-nacional-de-trail\/","og_site_name":"Altominho.tv","article_publisher":"https:\/\/www.facebook.com\/altominhotv","article_published_time":"2024-01-29T16:09:23+00:00","article_modified_time":"2024-01-29T16:10:40+00:00","og_image":[{"width":2560,"height":1699,"url":"https:\/\/www.altominho.tv\/site\/wp-content\/uploads\/2021\/05\/MELGACO-ALVARINHO-TRAIL-MATIAS-69-scaled.jpg","type":"image\/jpeg"}],"author":"Altominho.tv","twitter_card":"summary_large_image","twitter_creator":"@altominhoTV","twitter_site":"@altominhoTV","twitter_misc":{"Escrito por":"Altominho.tv","Tempo estimado de leitura":"1 minuto"},"schema":{"@context":"https:\/\/schema.org","@graph":[{"@type":"Article","@id":"https:\/\/www.altominho.tv\/site\/2024\/01\/29\/melgaco-alvarinho-trail-integra-pela-primeira-vez-o-campeonato-nacional-de-trail\/#article","isPartOf":{"@id":"https:\/\/www.altominho.tv\/site\/2024\/01\/29\/melgaco-alvarinho-trail-integra-pela-primeira-vez-o-campeonato-nacional-de-trail\/"},"author":{"name":"Altominho.tv","@id":"https:\/\/www.altominho.tv\/site\/#\/schema\/person\/4e536851627d7914baf3dac752b6af22"},"headline":"Melga\u00e7o Alvarinho Trail integra pela primeira vez o Campeonato Nacional de Trail","datePublished":"2024-01-29T16:09:23+00:00","dateModified":"2024-01-29T16:10:40+00:00","mainEntityOfPage":{"@id":"https:\/\/www.altominho.tv\/site\/2024\/01\/29\/melgaco-alvarinho-trail-integra-pela-primeira-vez-o-campeonato-nacional-de-trail\/"},"wordCount":393,"image":{"@id":"https:\/\/www.altominho.tv\/site\/2024\/01\/29\/melgaco-alvarinho-trail-integra-pela-primeira-vez-o-campeonato-nacional-de-trail\/#primaryimage"},"thumbnailUrl":"https:\/\/www.altominho.tv\/site\/wp-content\/uploads\/2021\/05\/MELGACO-ALVARINHO-TRAIL-MATIAS-69-scaled.jpg","keywords":["Desporto"],"articleSection":["Melga\u00e7o"],"inLanguage":"pt-PT","copyrightYear":"2024","copyrightHolder":{"@id":"https:\/\/www.altominho.tv\/site\/#organization"}},{"@type":"WebPage","@id":"https:\/\/www.altominho.tv\/site\/2024\/01\/29\/melgaco-alvarinho-trail-integra-pela-primeira-vez-o-campeonato-nacional-de-trail\/","url":"https:\/\/www.altominho.tv\/site\/2024\/01\/29\/melgaco-alvarinho-trail-integra-pela-primeira-vez-o-campeonato-nacional-de-trail\/","name":"Melga\u00e7o Alvarinho Trail integra pela primeira vez o Campeonato Nacional de Trail","isPartOf":{"@id":"https:\/\/www.altominho.tv\/site\/#website"},"primaryImageOfPage":{"@id":"https:\/\/www.altominho.tv\/site\/2024\/01\/29\/melgaco-alvarinho-trail-integra-pela-primeira-vez-o-campeonato-nacional-de-trail\/#primaryimage"},"image":{"@id":"https:\/\/www.altominho.tv\/site\/2024\/01\/29\/melgaco-alvarinho-trail-integra-pela-primeira-vez-o-campeonato-nacional-de-trail\/#primaryimage"},"thumbnailUrl":"https:\/\/www.altominho.tv\/site\/wp-content\/uploads\/2021\/05\/MELGACO-ALVARINHO-TRAIL-MATIAS-69-scaled.jpg","datePublished":"2024-01-29T16:09:23+00:00","dateModified":"2024-01-29T16:10:40+00:00","author":{"@id":"https:\/\/www.altominho.tv\/site\/#\/schema\/person\/4e536851627d7914baf3dac752b6af22"},"description":"O Melga\u00e7o Alvarinho Trail \u2013 Quintas de Melga\u00e7o (MAT) integra, pela primeira vez, o Campeonato Nacional de Trail, da ATRP - Associa\u00e7\u00e3o de Trail Running de Portugal. O evento, que vai na sua 9\u00aa edi\u00e7\u00e3o, acontece a 6 e 7 de abril no Munic\u00edpio de Melga\u00e7o.\u00a0","breadcrumb":{"@id":"https:\/\/www.altominho.tv\/site\/2024\/01\/29\/melgaco-alvarinho-trail-integra-pela-primeira-vez-o-campeonato-nacional-de-trail\/#breadcrumb"},"inLanguage":"pt-PT","potentialAction":[{"@type":"ReadAction","target":["https:\/\/www.altominho.tv\/site\/2024\/01\/29\/melgaco-alvarinho-trail-integra-pela-primeira-vez-o-campeonato-nacional-de-trail\/"]}]},{"@type":"ImageObject","inLanguage":"pt-PT","@id":"https:\/\/www.altominho.tv\/site\/2024\/01\/29\/melgaco-alvarinho-trail-integra-pela-primeira-vez-o-campeonato-nacional-de-trail\/#primaryimage","url":"https:\/\/www.altominho.tv\/site\/wp-content\/uploads\/2021\/05\/MELGACO-ALVARINHO-TRAIL-MATIAS-69-scaled.jpg","contentUrl":"https:\/\/www.altominho.tv\/site\/wp-content\/uploads\/2021\/05\/MELGACO-ALVARINHO-TRAIL-MATIAS-69-scaled.jpg","width":2560,"height":1699},{"@type":"BreadcrumbList","@id":"https:\/\/www.altominho.tv\/site\/2024\/01\/29\/melgaco-alvarinho-trail-integra-pela-primeira-vez-o-campeonato-nacional-de-trail\/#breadcrumb","itemListElement":[{"@type":"ListItem","position":1,"name":"In\u00edcio","item":"https:\/\/www.altominho.tv\/site\/"},{"@type":"ListItem","position":2,"name":"Melga\u00e7o Alvarinho Trail integra pela primeira vez o Campeonato Nacional de Trail"}]},{"@type":"WebSite","@id":"https:\/\/www.altominho.tv\/site\/#website","url":"https:\/\/www.altominho.tv\/site\/","name":"Altominho.tv","description":"A sua regi\u00e3o \u00e0 dist\u00e2ncia de um clique...","potentialAction":[{"@type":"SearchAction","target":{"@type":"EntryPoint","urlTemplate":"https:\/\/www.altominho.tv\/site\/?s={search_term_string}"},"query-input":{"@type":"PropertyValueSpecification","valueRequired":true,"valueName":"search_term_string"}}],"inLanguage":"pt-PT"},{"@type":"Person","@id":"https:\/\/www.altominho.tv\/site\/#\/schema\/person\/4e536851627d7914baf3dac752b6af22","name":"Altominho.tv","image":{"@type":"ImageObject","inLanguage":"pt-PT","@id":"https:\/\/www.altominho.tv\/site\/wp-content\/uploads\/2019\/11\/Logo_Avatar_2-150x150.jpg","url":"https:\/\/www.altominho.tv\/site\/wp-content\/uploads\/2019\/11\/Logo_Avatar_2-150x150.jpg","contentUrl":"https:\/\/www.altominho.tv\/site\/wp-content\/uploads\/2019\/11\/Logo_Avatar_2-150x150.jpg","caption":"Altominho.tv"},"url":"https:\/\/www.altominho.tv\/site\/author\/altominhotv-tecnico\/"}]}},"_links":{"self":[{"href":"https:\/\/www.altominho.tv\/site\/wp-json\/wp\/v2\/posts\/103989","targetHints":{"allow":["GET"]}}],"collection":[{"href":"https:\/\/www.altominho.tv\/site\/wp-json\/wp\/v2\/posts"}],"about":[{"href":"https:\/\/www.altominho.tv\/site\/wp-json\/wp\/v2\/types\/post"}],"author":[{"embeddable":true,"href":"https:\/\/www.altominho.tv\/site\/wp-json\/wp\/v2\/users\/1"}],"replies":[{"embeddable":true,"href":"https:\/\/www.altominho.tv\/site\/wp-json\/wp\/v2\/comments?post=103989"}],"version-history":[{"count":1,"href":"https:\/\/www.altominho.tv\/site\/wp-json\/wp\/v2\/posts\/103989\/revisions"}],"predecessor-version":[{"id":103990,"href":"https:\/\/www.altominho.tv\/site\/wp-json\/wp\/v2\/posts\/103989\/revisions\/103990"}],"wp:featuredmedia":[{"embeddable":true,"href":"https:\/\/www.altominho.tv\/site\/wp-json\/wp\/v2\/media\/66600"}],"wp:attachment":[{"href":"https:\/\/www.altominho.tv\/site\/wp-json\/wp\/v2\/media?parent=103989"}],"wp:term":[{"taxonomy":"category","embeddable":true,"href":"https:\/\/www.altominho.tv\/site\/wp-json\/wp\/v2\/categories?post=103989"},{"taxonomy":"post_tag","embeddable":true,"href":"https:\/\/www.altominho.tv\/site\/wp-json\/wp\/v2\/tags?post=103989"}],"curies":[{"name":"wp","href":"https:\/\/api.w.org\/{rel}","templated":true}]}}