{"id":10398,"date":"2018-03-06T11:56:44","date_gmt":"2018-03-06T11:56:44","guid":{"rendered":"http:\/\/www.altominho.tv\/site\/?p=10398"},"modified":"2018-03-06T11:56:44","modified_gmt":"2018-03-06T11:56:44","slug":"promessa-abre-capela-sem-uso-ha-34-anos-em-aldeia-de-viana-do-castelo","status":"publish","type":"post","link":"https:\/\/www.altominho.tv\/site\/2018\/03\/06\/promessa-abre-capela-sem-uso-ha-34-anos-em-aldeia-de-viana-do-castelo\/","title":{"rendered":"Promessa \u201cabre\u201d capela sem uso h\u00e1 34 anos em aldeia de Viana do Castelo"},"content":{"rendered":"<p>Uma capela constru\u00edda h\u00e1 34 anos numa aldeia de Viana do Castelo e praticamente sem utiliza\u00e7\u00e3o vai abrir no domingo para cumprir a promessa de uma devota de ali promover um \u201clouvor\u201d e uma romaria a S\u00e3o Jos\u00e9.<\/p>\n<p>A ideia do louvor come\u00e7ou a ser pensada h\u00e1 um ano, com a promessa de L\u00facia Fernandes pela &#8220;cura&#8221; do marido, Joaquim Agostinho, a quem doou um rim, e foi ganhando forma com o &#8220;carinho&#8221; que recebeu dos moradores do lugar de Agros, Santa Leoc\u00e1dia de Geraz do Lima, em Viana do Castelo.<\/p>\n<blockquote><p>&#8220;H\u00e1 muito que temos capela, temos santos mas n\u00e3o temos festa. As pessoas estavam um bocadinho tristes com isso&#8221;, lamentou a sexagen\u00e1ria.<\/p><\/blockquote>\n<p>Ainda em recupera\u00e7\u00e3o, &#8220;correu a freguesia toda a convidar o maior n\u00famero de pessoas poss\u00edvel&#8221; para os preparativos, entre &#8220;autoriza\u00e7\u00f5es&#8221; para fazer a festa, pedidos ao padre para celebrar a missa e elabora\u00e7\u00e3o do desdobr\u00e1vel para a anunciar a romaria.<\/p>\n<p>&#8220;Para que a minha promessa tenha sentido isto tem de ter continuidade&#8221;, desafiou, pensando j\u00e1 na constitui\u00e7\u00e3o de uma futura comiss\u00e3o de festas que &#8220;garanta a devo\u00e7\u00e3o&#8221; em Agros, um lugar &#8220;isolado&#8221; no monte daquela aldeia, situada a cerca de 20 quil\u00f3metros da cidade de Viana do Castelo.<\/p>\n<p>Em 1984, a dist\u00e2ncia e os dif\u00edceis acessos daquele lugar \u00e0 igreja paroquial, no centro da aldeia, feitos por uma estrada, hoje asfaltada, mas apertada e \u00edngreme estiveram na origem da constru\u00e7\u00e3o do templo.<\/p>\n<p>Ao repto lan\u00e7ado pelo padre Jo\u00e3o Cunha Viana os moradores responderam com &#8220;m\u00e3o-de-obra e com material&#8221; e ergueram o templo que at\u00e9 hoje nunca funcionou regularmente como lugar de culto e devo\u00e7\u00e3o a S\u00e3o Jos\u00e9 e a Nossa Senhora da Boa Viagem.<\/p>\n<p>A ideia da festa promovida por L\u00facia foi &#8220;muito bem acolhida&#8221; pelo p\u00e1roco. Hoje com 90 anos, Jo\u00e3o Cunha Viana &#8220;ficaria muito contente&#8221; que a &#8220;manifesta\u00e7\u00e3o de gratid\u00e3o&#8221; daquela paroquiana &#8220;pela cura do marido&#8221; se transformasse em tradi\u00e7\u00e3o de um lugar onde a desertifica\u00e7\u00e3o est\u00e1 bem presente.<\/p>\n<p>&#8220;H\u00e1 pouca gente, foram todos saindo&#8221;, lamentou Jo\u00e3o Cunha Viana, p\u00e1roco de Santa Leoc\u00e1dia de Geral do Lima h\u00e1 60 anos.<\/p>\n<p>No domingo, e apesar &#8220;das limita\u00e7\u00f5es da idade&#8221; quer estar presente na &#8220;semente&#8221; que L\u00facia e a fam\u00edlia querem lan\u00e7ar para que o lugar passe a ter n\u00e3o uma, mas duas festividades por ano.<\/p>\n<blockquote><p>&#8220;Quem sabe esta promessa n\u00e3o d\u00ea origem a uma festa em mar\u00e7o, em honra de S\u00e3o Jos\u00e9 e outra, em agosto, em honra de Nossa Senhora da Boa viagem&#8221;, afirmou a filha Ol\u00edvia Fernandes, &#8220;bra\u00e7o direito&#8221; de L\u00facia na confe\u00e7\u00e3o das &#8220;muitas centenas&#8221; de flores artificiais que v\u00e3o ornamentar os andores, o interior e exterior da capela.<\/p><\/blockquote>\n<p>&#8220;Ainda n\u00e3o tinha entrado para a sala de opera\u00e7\u00f5es para doar o rim ao meu marido e j\u00e1 pensava em como fazer uma festa diferente para atrair as pessoas e foi ent\u00e3o que me lembrei das flores artificiais&#8221;, explicou L\u00facia.<\/p>\n<p>Aprendeu a faz\u00ea-las na \u2018net\u2019 onde tamb\u00e9m pesquisou sobre os materiais, comprados com os fundos angariados na aldeia.<\/p>\n<p>Mais de 50 folhas de papel Eva, outras tantas de cartolina, mais de 125 metros de papel crepe, perto de 100 pares de meias de seda de v\u00e1rias cores d\u00e3o forma a &#8220;muitas centenas&#8221; de flores que L\u00facia come\u00e7ou a confecionar em julho do ano passado. O marido, antigo carpinteiro, &#8220;ajudou nos trabalhos em madeira&#8221;, e os filhos, quatro num casamento de 35 anos, tamb\u00e9m est\u00e3o envolvidos na promessa que quer virar festa.<\/p>\n<blockquote><p>&#8220;Nunca imaginei a dimens\u00e3o que isto ia tomar. Fiquei impressionada. A promessa j\u00e1 n\u00e3o \u00e9 s\u00f3 minha. \u00c9 toda a gente. Muitas pessoas reveem-se na minha hist\u00f3ria e muitos perceberam at\u00e9 que um transplante n\u00e3o \u00e9 uma desgra\u00e7a&#8221;, admitiu L\u00facia.<\/p><\/blockquote>\n<p>A primeira edi\u00e7\u00e3o da festa na capela de Agros come\u00e7a, \u00e0s 14.30, com a missa, serm\u00e3o e prociss\u00e3o. No final, haver\u00e1 conv\u00edvio, com broa caseira, chouri\u00e7o e roj\u00f5es s\u00e3o alguns dos produtos t\u00edpicos do repasto, oferecido pelos habitantes de Agros.<\/p>\n<p>Os andores e arranjos floridos v\u00e3o permanecer em exposi\u00e7\u00e3o na capela, at\u00e9 agosto, &#8220;m\u00eas de regresso dos emigrantes da aldeia&#8221;.<\/p>\n","protected":false},"excerpt":{"rendered":"<p>Uma capela constru\u00edda h\u00e1 34 anos numa aldeia de Viana do Castelo e praticamente sem utiliza\u00e7\u00e3o vai abrir no domingo para cumprir a promessa de uma devota de ali promover um \u201clouvor\u201d e uma romaria a S\u00e3o Jos\u00e9. A ideia do louvor come\u00e7ou a ser pensada h\u00e1 um ano, com a promessa de L\u00facia Fernandes [&hellip;]<\/p>\n","protected":false},"author":6,"featured_media":10399,"comment_status":"closed","ping_status":"closed","sticky":false,"template":"","format":"standard","meta":{"_exactmetrics_skip_tracking":false,"_exactmetrics_sitenote_active":false,"_exactmetrics_sitenote_note":"","_exactmetrics_sitenote_category":0,"footnotes":""},"categories":[14],"tags":[23],"class_list":["post-10398","post","type-post","status-publish","format-standard","has-post-thumbnail","hentry","category-viana-do-castelo","tag-gente"],"yoast_head":"<!-- This site is optimized with the Yoast SEO Premium plugin v27.4 (Yoast SEO v27.4) - https:\/\/yoast.com\/product\/yoast-seo-premium-wordpress\/ -->\n<title>Promessa \u201cabre\u201d capela sem uso h\u00e1 34 anos em aldeia de Viana do Castelo<\/title>\n<meta name=\"robots\" content=\"index, follow, max-snippet:-1, max-image-preview:large, max-video-preview:-1\" \/>\n<link rel=\"canonical\" href=\"https:\/\/www.altominho.tv\/site\/2018\/03\/06\/promessa-abre-capela-sem-uso-ha-34-anos-em-aldeia-de-viana-do-castelo\/\" \/>\n<meta property=\"og:locale\" content=\"pt_PT\" \/>\n<meta property=\"og:type\" content=\"article\" \/>\n<meta property=\"og:title\" content=\"Promessa \u201cabre\u201d capela sem uso h\u00e1 34 anos em aldeia de Viana do Castelo\" \/>\n<meta property=\"og:description\" content=\"Uma capela constru\u00edda h\u00e1 34 anos numa aldeia de Viana do Castelo e praticamente sem utiliza\u00e7\u00e3o vai abrir no domingo para cumprir a promessa de uma devota de ali promover um \u201clouvor\u201d e uma romaria a S\u00e3o Jos\u00e9. A ideia do louvor come\u00e7ou a ser pensada h\u00e1 um ano, com a promessa de L\u00facia Fernandes [&hellip;]\" \/>\n<meta property=\"og:url\" content=\"https:\/\/www.altominho.tv\/site\/2018\/03\/06\/promessa-abre-capela-sem-uso-ha-34-anos-em-aldeia-de-viana-do-castelo\/\" \/>\n<meta property=\"og:site_name\" content=\"Altominho.tv\" \/>\n<meta property=\"article:publisher\" content=\"https:\/\/www.facebook.com\/altominhotv\" \/>\n<meta property=\"article:published_time\" content=\"2018-03-06T11:56:44+00:00\" \/>\n<meta property=\"og:image\" content=\"https:\/\/www.altominho.tv\/site\/wp-content\/uploads\/2018\/03\/c-2.jpg\" \/>\n\t<meta property=\"og:image:width\" content=\"700\" \/>\n\t<meta property=\"og:image:height\" content=\"455\" \/>\n\t<meta property=\"og:image:type\" content=\"image\/jpeg\" \/>\n<meta name=\"author\" content=\"C\u00e1tia Malheiro\" \/>\n<meta name=\"twitter:card\" content=\"summary_large_image\" \/>\n<meta name=\"twitter:creator\" content=\"@altominhoTV\" \/>\n<meta name=\"twitter:site\" content=\"@altominhoTV\" \/>\n<meta name=\"twitter:label1\" content=\"Escrito por\" \/>\n\t<meta name=\"twitter:data1\" content=\"C\u00e1tia Malheiro\" \/>\n\t<meta name=\"twitter:label2\" content=\"Tempo estimado de leitura\" \/>\n\t<meta name=\"twitter:data2\" content=\"4 minutos\" \/>\n<script type=\"application\/ld+json\" class=\"yoast-schema-graph\">{\"@context\":\"https:\\\/\\\/schema.org\",\"@graph\":[{\"@type\":\"Article\",\"@id\":\"https:\\\/\\\/www.altominho.tv\\\/site\\\/2018\\\/03\\\/06\\\/promessa-abre-capela-sem-uso-ha-34-anos-em-aldeia-de-viana-do-castelo\\\/#article\",\"isPartOf\":{\"@id\":\"https:\\\/\\\/www.altominho.tv\\\/site\\\/2018\\\/03\\\/06\\\/promessa-abre-capela-sem-uso-ha-34-anos-em-aldeia-de-viana-do-castelo\\\/\"},\"author\":{\"name\":\"C\u00e1tia Malheiro\",\"@id\":\"https:\\\/\\\/www.altominho.tv\\\/site\\\/#\\\/schema\\\/person\\\/5c9404a8b438614c93da6ca09db92574\"},\"headline\":\"Promessa \u201cabre\u201d capela sem uso h\u00e1 34 anos em aldeia de Viana do Castelo\",\"datePublished\":\"2018-03-06T11:56:44+00:00\",\"mainEntityOfPage\":{\"@id\":\"https:\\\/\\\/www.altominho.tv\\\/site\\\/2018\\\/03\\\/06\\\/promessa-abre-capela-sem-uso-ha-34-anos-em-aldeia-de-viana-do-castelo\\\/\"},\"wordCount\":745,\"image\":{\"@id\":\"https:\\\/\\\/www.altominho.tv\\\/site\\\/2018\\\/03\\\/06\\\/promessa-abre-capela-sem-uso-ha-34-anos-em-aldeia-de-viana-do-castelo\\\/#primaryimage\"},\"thumbnailUrl\":\"https:\\\/\\\/www.altominho.tv\\\/site\\\/wp-content\\\/uploads\\\/2018\\\/03\\\/c-2.jpg\",\"keywords\":[\"Gente\"],\"articleSection\":[\"Viana do Castelo\"],\"inLanguage\":\"pt-PT\",\"copyrightYear\":\"2018\",\"copyrightHolder\":{\"@id\":\"https:\\\/\\\/www.altominho.tv\\\/site\\\/#organization\"}},{\"@type\":\"WebPage\",\"@id\":\"https:\\\/\\\/www.altominho.tv\\\/site\\\/2018\\\/03\\\/06\\\/promessa-abre-capela-sem-uso-ha-34-anos-em-aldeia-de-viana-do-castelo\\\/\",\"url\":\"https:\\\/\\\/www.altominho.tv\\\/site\\\/2018\\\/03\\\/06\\\/promessa-abre-capela-sem-uso-ha-34-anos-em-aldeia-de-viana-do-castelo\\\/\",\"name\":\"Promessa \u201cabre\u201d capela sem uso h\u00e1 34 anos em aldeia de Viana do Castelo\",\"isPartOf\":{\"@id\":\"https:\\\/\\\/www.altominho.tv\\\/site\\\/#website\"},\"primaryImageOfPage\":{\"@id\":\"https:\\\/\\\/www.altominho.tv\\\/site\\\/2018\\\/03\\\/06\\\/promessa-abre-capela-sem-uso-ha-34-anos-em-aldeia-de-viana-do-castelo\\\/#primaryimage\"},\"image\":{\"@id\":\"https:\\\/\\\/www.altominho.tv\\\/site\\\/2018\\\/03\\\/06\\\/promessa-abre-capela-sem-uso-ha-34-anos-em-aldeia-de-viana-do-castelo\\\/#primaryimage\"},\"thumbnailUrl\":\"https:\\\/\\\/www.altominho.tv\\\/site\\\/wp-content\\\/uploads\\\/2018\\\/03\\\/c-2.jpg\",\"datePublished\":\"2018-03-06T11:56:44+00:00\",\"author\":{\"@id\":\"https:\\\/\\\/www.altominho.tv\\\/site\\\/#\\\/schema\\\/person\\\/5c9404a8b438614c93da6ca09db92574\"},\"breadcrumb\":{\"@id\":\"https:\\\/\\\/www.altominho.tv\\\/site\\\/2018\\\/03\\\/06\\\/promessa-abre-capela-sem-uso-ha-34-anos-em-aldeia-de-viana-do-castelo\\\/#breadcrumb\"},\"inLanguage\":\"pt-PT\",\"potentialAction\":[{\"@type\":\"ReadAction\",\"target\":[\"https:\\\/\\\/www.altominho.tv\\\/site\\\/2018\\\/03\\\/06\\\/promessa-abre-capela-sem-uso-ha-34-anos-em-aldeia-de-viana-do-castelo\\\/\"]}]},{\"@type\":\"ImageObject\",\"inLanguage\":\"pt-PT\",\"@id\":\"https:\\\/\\\/www.altominho.tv\\\/site\\\/2018\\\/03\\\/06\\\/promessa-abre-capela-sem-uso-ha-34-anos-em-aldeia-de-viana-do-castelo\\\/#primaryimage\",\"url\":\"https:\\\/\\\/www.altominho.tv\\\/site\\\/wp-content\\\/uploads\\\/2018\\\/03\\\/c-2.jpg\",\"contentUrl\":\"https:\\\/\\\/www.altominho.tv\\\/site\\\/wp-content\\\/uploads\\\/2018\\\/03\\\/c-2.jpg\",\"width\":700,\"height\":455},{\"@type\":\"BreadcrumbList\",\"@id\":\"https:\\\/\\\/www.altominho.tv\\\/site\\\/2018\\\/03\\\/06\\\/promessa-abre-capela-sem-uso-ha-34-anos-em-aldeia-de-viana-do-castelo\\\/#breadcrumb\",\"itemListElement\":[{\"@type\":\"ListItem\",\"position\":1,\"name\":\"In\u00edcio\",\"item\":\"https:\\\/\\\/www.altominho.tv\\\/site\\\/\"},{\"@type\":\"ListItem\",\"position\":2,\"name\":\"Promessa \u201cabre\u201d capela sem uso h\u00e1 34 anos em aldeia de Viana do Castelo\"}]},{\"@type\":\"WebSite\",\"@id\":\"https:\\\/\\\/www.altominho.tv\\\/site\\\/#website\",\"url\":\"https:\\\/\\\/www.altominho.tv\\\/site\\\/\",\"name\":\"Altominho.tv\",\"description\":\"A sua regi\u00e3o \u00e0 dist\u00e2ncia de um clique...\",\"potentialAction\":[{\"@type\":\"SearchAction\",\"target\":{\"@type\":\"EntryPoint\",\"urlTemplate\":\"https:\\\/\\\/www.altominho.tv\\\/site\\\/?s={search_term_string}\"},\"query-input\":{\"@type\":\"PropertyValueSpecification\",\"valueRequired\":true,\"valueName\":\"search_term_string\"}}],\"inLanguage\":\"pt-PT\"},{\"@type\":\"Person\",\"@id\":\"https:\\\/\\\/www.altominho.tv\\\/site\\\/#\\\/schema\\\/person\\\/5c9404a8b438614c93da6ca09db92574\",\"name\":\"C\u00e1tia Malheiro\",\"image\":{\"@type\":\"ImageObject\",\"inLanguage\":\"pt-PT\",\"@id\":\"https:\\\/\\\/www.altominho.tv\\\/site\\\/wp-content\\\/uploads\\\/2017\\\/11\\\/Catia_Malheiro-150x150.jpg\",\"url\":\"https:\\\/\\\/www.altominho.tv\\\/site\\\/wp-content\\\/uploads\\\/2017\\\/11\\\/Catia_Malheiro-150x150.jpg\",\"contentUrl\":\"https:\\\/\\\/www.altominho.tv\\\/site\\\/wp-content\\\/uploads\\\/2017\\\/11\\\/Catia_Malheiro-150x150.jpg\",\"caption\":\"C\u00e1tia Malheiro\"},\"url\":\"https:\\\/\\\/www.altominho.tv\\\/site\\\/author\\\/catiamalheiro\\\/\"}]}<\/script>\n<!-- \/ Yoast SEO Premium plugin. -->","yoast_head_json":{"title":"Promessa \u201cabre\u201d capela sem uso h\u00e1 34 anos em aldeia de Viana do Castelo","robots":{"index":"index","follow":"follow","max-snippet":"max-snippet:-1","max-image-preview":"max-image-preview:large","max-video-preview":"max-video-preview:-1"},"canonical":"https:\/\/www.altominho.tv\/site\/2018\/03\/06\/promessa-abre-capela-sem-uso-ha-34-anos-em-aldeia-de-viana-do-castelo\/","og_locale":"pt_PT","og_type":"article","og_title":"Promessa \u201cabre\u201d capela sem uso h\u00e1 34 anos em aldeia de Viana do Castelo","og_description":"Uma capela constru\u00edda h\u00e1 34 anos numa aldeia de Viana do Castelo e praticamente sem utiliza\u00e7\u00e3o vai abrir no domingo para cumprir a promessa de uma devota de ali promover um \u201clouvor\u201d e uma romaria a S\u00e3o Jos\u00e9. A ideia do louvor come\u00e7ou a ser pensada h\u00e1 um ano, com a promessa de L\u00facia Fernandes [&hellip;]","og_url":"https:\/\/www.altominho.tv\/site\/2018\/03\/06\/promessa-abre-capela-sem-uso-ha-34-anos-em-aldeia-de-viana-do-castelo\/","og_site_name":"Altominho.tv","article_publisher":"https:\/\/www.facebook.com\/altominhotv","article_published_time":"2018-03-06T11:56:44+00:00","og_image":[{"width":700,"height":455,"url":"https:\/\/www.altominho.tv\/site\/wp-content\/uploads\/2018\/03\/c-2.jpg","type":"image\/jpeg"}],"author":"C\u00e1tia Malheiro","twitter_card":"summary_large_image","twitter_creator":"@altominhoTV","twitter_site":"@altominhoTV","twitter_misc":{"Escrito por":"C\u00e1tia Malheiro","Tempo estimado de leitura":"4 minutos"},"schema":{"@context":"https:\/\/schema.org","@graph":[{"@type":"Article","@id":"https:\/\/www.altominho.tv\/site\/2018\/03\/06\/promessa-abre-capela-sem-uso-ha-34-anos-em-aldeia-de-viana-do-castelo\/#article","isPartOf":{"@id":"https:\/\/www.altominho.tv\/site\/2018\/03\/06\/promessa-abre-capela-sem-uso-ha-34-anos-em-aldeia-de-viana-do-castelo\/"},"author":{"name":"C\u00e1tia Malheiro","@id":"https:\/\/www.altominho.tv\/site\/#\/schema\/person\/5c9404a8b438614c93da6ca09db92574"},"headline":"Promessa \u201cabre\u201d capela sem uso h\u00e1 34 anos em aldeia de Viana do Castelo","datePublished":"2018-03-06T11:56:44+00:00","mainEntityOfPage":{"@id":"https:\/\/www.altominho.tv\/site\/2018\/03\/06\/promessa-abre-capela-sem-uso-ha-34-anos-em-aldeia-de-viana-do-castelo\/"},"wordCount":745,"image":{"@id":"https:\/\/www.altominho.tv\/site\/2018\/03\/06\/promessa-abre-capela-sem-uso-ha-34-anos-em-aldeia-de-viana-do-castelo\/#primaryimage"},"thumbnailUrl":"https:\/\/www.altominho.tv\/site\/wp-content\/uploads\/2018\/03\/c-2.jpg","keywords":["Gente"],"articleSection":["Viana do Castelo"],"inLanguage":"pt-PT","copyrightYear":"2018","copyrightHolder":{"@id":"https:\/\/www.altominho.tv\/site\/#organization"}},{"@type":"WebPage","@id":"https:\/\/www.altominho.tv\/site\/2018\/03\/06\/promessa-abre-capela-sem-uso-ha-34-anos-em-aldeia-de-viana-do-castelo\/","url":"https:\/\/www.altominho.tv\/site\/2018\/03\/06\/promessa-abre-capela-sem-uso-ha-34-anos-em-aldeia-de-viana-do-castelo\/","name":"Promessa \u201cabre\u201d capela sem uso h\u00e1 34 anos em aldeia de Viana do Castelo","isPartOf":{"@id":"https:\/\/www.altominho.tv\/site\/#website"},"primaryImageOfPage":{"@id":"https:\/\/www.altominho.tv\/site\/2018\/03\/06\/promessa-abre-capela-sem-uso-ha-34-anos-em-aldeia-de-viana-do-castelo\/#primaryimage"},"image":{"@id":"https:\/\/www.altominho.tv\/site\/2018\/03\/06\/promessa-abre-capela-sem-uso-ha-34-anos-em-aldeia-de-viana-do-castelo\/#primaryimage"},"thumbnailUrl":"https:\/\/www.altominho.tv\/site\/wp-content\/uploads\/2018\/03\/c-2.jpg","datePublished":"2018-03-06T11:56:44+00:00","author":{"@id":"https:\/\/www.altominho.tv\/site\/#\/schema\/person\/5c9404a8b438614c93da6ca09db92574"},"breadcrumb":{"@id":"https:\/\/www.altominho.tv\/site\/2018\/03\/06\/promessa-abre-capela-sem-uso-ha-34-anos-em-aldeia-de-viana-do-castelo\/#breadcrumb"},"inLanguage":"pt-PT","potentialAction":[{"@type":"ReadAction","target":["https:\/\/www.altominho.tv\/site\/2018\/03\/06\/promessa-abre-capela-sem-uso-ha-34-anos-em-aldeia-de-viana-do-castelo\/"]}]},{"@type":"ImageObject","inLanguage":"pt-PT","@id":"https:\/\/www.altominho.tv\/site\/2018\/03\/06\/promessa-abre-capela-sem-uso-ha-34-anos-em-aldeia-de-viana-do-castelo\/#primaryimage","url":"https:\/\/www.altominho.tv\/site\/wp-content\/uploads\/2018\/03\/c-2.jpg","contentUrl":"https:\/\/www.altominho.tv\/site\/wp-content\/uploads\/2018\/03\/c-2.jpg","width":700,"height":455},{"@type":"BreadcrumbList","@id":"https:\/\/www.altominho.tv\/site\/2018\/03\/06\/promessa-abre-capela-sem-uso-ha-34-anos-em-aldeia-de-viana-do-castelo\/#breadcrumb","itemListElement":[{"@type":"ListItem","position":1,"name":"In\u00edcio","item":"https:\/\/www.altominho.tv\/site\/"},{"@type":"ListItem","position":2,"name":"Promessa \u201cabre\u201d capela sem uso h\u00e1 34 anos em aldeia de Viana do Castelo"}]},{"@type":"WebSite","@id":"https:\/\/www.altominho.tv\/site\/#website","url":"https:\/\/www.altominho.tv\/site\/","name":"Altominho.tv","description":"A sua regi\u00e3o \u00e0 dist\u00e2ncia de um clique...","potentialAction":[{"@type":"SearchAction","target":{"@type":"EntryPoint","urlTemplate":"https:\/\/www.altominho.tv\/site\/?s={search_term_string}"},"query-input":{"@type":"PropertyValueSpecification","valueRequired":true,"valueName":"search_term_string"}}],"inLanguage":"pt-PT"},{"@type":"Person","@id":"https:\/\/www.altominho.tv\/site\/#\/schema\/person\/5c9404a8b438614c93da6ca09db92574","name":"C\u00e1tia Malheiro","image":{"@type":"ImageObject","inLanguage":"pt-PT","@id":"https:\/\/www.altominho.tv\/site\/wp-content\/uploads\/2017\/11\/Catia_Malheiro-150x150.jpg","url":"https:\/\/www.altominho.tv\/site\/wp-content\/uploads\/2017\/11\/Catia_Malheiro-150x150.jpg","contentUrl":"https:\/\/www.altominho.tv\/site\/wp-content\/uploads\/2017\/11\/Catia_Malheiro-150x150.jpg","caption":"C\u00e1tia Malheiro"},"url":"https:\/\/www.altominho.tv\/site\/author\/catiamalheiro\/"}]}},"_links":{"self":[{"href":"https:\/\/www.altominho.tv\/site\/wp-json\/wp\/v2\/posts\/10398","targetHints":{"allow":["GET"]}}],"collection":[{"href":"https:\/\/www.altominho.tv\/site\/wp-json\/wp\/v2\/posts"}],"about":[{"href":"https:\/\/www.altominho.tv\/site\/wp-json\/wp\/v2\/types\/post"}],"author":[{"embeddable":true,"href":"https:\/\/www.altominho.tv\/site\/wp-json\/wp\/v2\/users\/6"}],"replies":[{"embeddable":true,"href":"https:\/\/www.altominho.tv\/site\/wp-json\/wp\/v2\/comments?post=10398"}],"version-history":[{"count":0,"href":"https:\/\/www.altominho.tv\/site\/wp-json\/wp\/v2\/posts\/10398\/revisions"}],"wp:featuredmedia":[{"embeddable":true,"href":"https:\/\/www.altominho.tv\/site\/wp-json\/wp\/v2\/media\/10399"}],"wp:attachment":[{"href":"https:\/\/www.altominho.tv\/site\/wp-json\/wp\/v2\/media?parent=10398"}],"wp:term":[{"taxonomy":"category","embeddable":true,"href":"https:\/\/www.altominho.tv\/site\/wp-json\/wp\/v2\/categories?post=10398"},{"taxonomy":"post_tag","embeddable":true,"href":"https:\/\/www.altominho.tv\/site\/wp-json\/wp\/v2\/tags?post=10398"}],"curies":[{"name":"wp","href":"https:\/\/api.w.org\/{rel}","templated":true}]}}