{"id":103906,"date":"2024-01-25T17:14:42","date_gmt":"2024-01-25T17:14:42","guid":{"rendered":"https:\/\/www.altominho.tv\/site\/?p=103906"},"modified":"2024-01-25T17:14:44","modified_gmt":"2024-01-25T17:14:44","slug":"livro-guarda-historia-de-mosteiro-de-viana-do-castelo-em-risco-de-ruina","status":"publish","type":"post","link":"https:\/\/www.altominho.tv\/site\/2024\/01\/25\/livro-guarda-historia-de-mosteiro-de-viana-do-castelo-em-risco-de-ruina\/","title":{"rendered":"Livro guarda hist\u00f3ria de mosteiro de Viana do Castelo em risco de ru\u00edna"},"content":{"rendered":"<p>O historiador Rodrigo Vaz vai lan\u00e7ar, no domingo, um livro sobre o mosteiro beneditino em S\u00e3o Rom\u00e3o de Neiva, Viana do Castelo, cuja funda\u00e7\u00e3o remonta ao s\u00e9culo XI, para salvaguardar a hist\u00f3ria do monumento, a amea\u00e7ar a ru\u00edna.<\/p>\n<p>\u201cO mosteiro, infelizmente, encontra-se em avan\u00e7ado de degrada\u00e7\u00e3o e mais dia, menos dia, se nada for feito, vamos acabar por perder o mosteiro. O objetivo foi catalogar tudo o que temos e tentar compilar neste livro para que um dia mais tarde n\u00e3o tenhamos perdido tudo\u201d, afirmou o historiador Rodrigo Vaz.<\/p>\n<p>Classificado como im\u00f3vel de interesse p\u00fablico pela Dire\u00e7\u00e3o-Geral do Patrim\u00f3nio Cultural (DGPC) desde 1980, o mosteiro, com cerca de 1.190 metros quadrados (m2) de \u00e1rea coberta, mais de 40% dos quais em ru\u00edna, e cerca de 6.000 m2 de terreno, tem vest\u00edgios hist\u00f3ricos que atiram a sua origem para 1087, antes da funda\u00e7\u00e3o de Portugal, mas encontra-se &#8220;em avan\u00e7ado estado de degrada\u00e7\u00e3o&#8221;, ao lado da igreja e do cemit\u00e9rio de S\u00e3o Rom\u00e3o do Neiva.<\/p>\n<p>Em 1916\/1917, o mosteiro foi comprado por Manuel Gomes da Costa Castanho. Castanho emigrou &#8220;pobre&#8221; de Vila Nova de Anha e regressou &#8220;rico&#8221; do Brasil.<\/p>\n<p>Comprou, &#8220;em leil\u00e3o, por 33 contos [cerca de 165 euros]\u201d, uma verdadeira fortuna na altura, o \u2018pack&#8217; completo que inclu\u00eda o mosteiro, a igreja, hoje administrada pela diocese de Viana do Castelo, e o cemit\u00e9rio, entretanto entregue \u00e0 Junta de Freguesia de S\u00e3o Rom\u00e3o do Neiva, na margem esquerda do rio Lima. Atualmente, vivem no mosteiro dois dos 12 herdeiros de Manuel Gomes da Costa Castanho.<\/p>\n<p>Contactado pela ag\u00eancia Lusa, a prop\u00f3sito do lan\u00e7amento da obra &#8220;Um mosteiro em terras de Neiva&#8221;, encomendado em 2021 pela C\u00e2mara de Viana do Castelo, o historiador, natural de Viana do Castelo, defendeu que o mosteiro devia ser classificado como Monumento Nacional, por \u201cao longo da sua hist\u00f3ria ter recebido visitas de importantes personalidades da hist\u00f3ria portuguesa\u201d.<\/p>\n<p>\u201cD. Afonso Henriques deu-lhe doa\u00e7\u00f5es (\u2026) O filho de D. Afonso Henriques, D. Sancho I d\u00e1-lhe doa\u00e7\u00f5es. O Frei Bartolomeu dos M\u00e1rtires esteve neste mosteiro e reformulou-o.<\/p>\n<p>Frei Jer\u00f3nimo Ba\u00eda, poeta barroco, morreu no mosteiro e, possivelmente, est\u00e1 sepultado no mosteiro. \u00c9 um mosteiro t\u00e3o pequenino, comparado com o de Tib\u00e3es [Braga], a casa m\u00e3e dos beneditinos em Portugal, mas que teve uma import\u00e2ncia fulcral no desenvolvimento da hist\u00f3ria local que muita gente n\u00e3o tem essa no\u00e7\u00e3o\u201d, especificou.<\/p>\n<p>Nos tr\u00eas anos de recolha de informa\u00e7\u00e3o, no arquivo distrital de Braga, Rodrigo Vaz percebeu que \u201ca degrada\u00e7\u00e3o acompanha toda a hist\u00f3ria do mosteiro\u201d, mas o que mais gostou de encontrar foram algumas curiosidades. Por exemplo, a documenta\u00e7\u00e3o que refere que os monges apenas comiam peixe, proveniente da freguesia vizinha de Castelo de Neiva, terra de pescadores.<\/p>\n<p>Uma outra curiosidade que adora contar \u00e9 que, no s\u00e9culo XVI, entre 1564\/65, o mosteiro foi visitado foi um frade espanhol que encontrou &#8220;os frades a viverem com os seus filhos e amantes&#8221;. &#8220;Vai expulsar os frades todos, vai reformular a ordem, mandar cercar o mosteiro e p\u00f4r frades novos\u201d, contou.<\/p>\n<p>O historiador defende que \u201ctodo o complexo mon\u00e1stico deve ser salvo\u201d da ru\u00edna e alvo de investiga\u00e7\u00e3o arqueol\u00f3gica face \u00e0 &#8220;riqueza da hist\u00f3ria que encerra&#8221;.<\/p>\n<p>\u201cEsperemos que no s\u00e9culo XXI algu\u00e9m o fa\u00e7a. Em 1960\/1961 a ab\u00f3bada da igreja caiu. Se tivesse acontecido durante a missa metade da popula\u00e7\u00e3o de S\u00e3o Rom\u00e3o do Neiva tinha falecido\u201d, disse.<\/p>\n<p>Rodrigo Vaz defende que, ap\u00f3s a recupera\u00e7\u00e3o, deve ser pensado um projeto \u201cgrande\u201d para o im\u00f3vel, colocando-o ao servi\u00e7o da popula\u00e7\u00e3o do concelho. Apontou como exemplos a cria\u00e7\u00e3o de uma incubadora de empresas, face \u00e0 proximidade da zona industrial de Neiva, um polo do Instituto Polit\u00e9cnico de Viana do Castelo (IPVC) ou um albergue para os peregrinos de Santiago de Compostela, na Galiza.<\/p>\n","protected":false},"excerpt":{"rendered":"<p>O historiador Rodrigo Vaz vai lan\u00e7ar, no domingo, um livro sobre o mosteiro beneditino em S\u00e3o Rom\u00e3o de Neiva, Viana do Castelo, cuja funda\u00e7\u00e3o remonta ao s\u00e9culo XI, para salvaguardar a hist\u00f3ria do monumento, a amea\u00e7ar a ru\u00edna. \u201cO mosteiro, infelizmente, encontra-se em avan\u00e7ado de degrada\u00e7\u00e3o e mais dia, menos dia, se nada for feito, [&hellip;]<\/p>\n","protected":false},"author":13,"featured_media":65528,"comment_status":"closed","ping_status":"closed","sticky":false,"template":"","format":"standard","meta":{"_exactmetrics_skip_tracking":false,"footnotes":""},"categories":[14],"tags":[19],"class_list":["post-103906","post","type-post","status-publish","format-standard","has-post-thumbnail","hentry","category-viana-do-castelo","tag-cultura"],"yoast_head":"<!-- This site is optimized with the Yoast SEO Premium plugin v28.3 (Yoast SEO v28.3) - https:\/\/yoast.com\/product\/yoast-seo-premium-wordpress\/ -->\n<title>Livro guarda hist\u00f3ria de mosteiro de Viana do Castelo em risco de ru\u00edna<\/title>\n<meta name=\"description\" content=\"O historiador Rodrigo Vaz vai lan\u00e7ar, no domingo, um livro sobre o mosteiro beneditino em S\u00e3o Rom\u00e3o de Neiva, Viana do Castelo, cuja funda\u00e7\u00e3o remonta ao s\u00e9culo XI, para salvaguardar a hist\u00f3ria do monumento, a amea\u00e7ar a ru\u00edna.\" \/>\n<meta name=\"robots\" content=\"index, follow, max-snippet:-1, max-image-preview:large, max-video-preview:-1\" \/>\n<link rel=\"canonical\" href=\"https:\/\/www.altominho.tv\/site\/2024\/01\/25\/livro-guarda-historia-de-mosteiro-de-viana-do-castelo-em-risco-de-ruina\/\" \/>\n<meta property=\"og:locale\" content=\"pt_PT\" \/>\n<meta property=\"og:type\" content=\"article\" \/>\n<meta property=\"og:title\" content=\"Livro guarda hist\u00f3ria de mosteiro de Viana do Castelo em risco de ru\u00edna\" \/>\n<meta property=\"og:description\" content=\"O historiador Rodrigo Vaz vai lan\u00e7ar, no domingo, um livro sobre o mosteiro beneditino em S\u00e3o Rom\u00e3o de Neiva, Viana do Castelo, cuja funda\u00e7\u00e3o remonta ao s\u00e9culo XI, para salvaguardar a hist\u00f3ria do monumento, a amea\u00e7ar a ru\u00edna.\" \/>\n<meta property=\"og:url\" content=\"https:\/\/www.altominho.tv\/site\/2024\/01\/25\/livro-guarda-historia-de-mosteiro-de-viana-do-castelo-em-risco-de-ruina\/\" \/>\n<meta property=\"og:site_name\" content=\"Altominho.tv\" \/>\n<meta property=\"article:publisher\" content=\"https:\/\/www.facebook.com\/altominhotv\" \/>\n<meta property=\"article:published_time\" content=\"2024-01-25T17:14:42+00:00\" \/>\n<meta property=\"article:modified_time\" content=\"2024-01-25T17:14:44+00:00\" \/>\n<meta property=\"og:image\" content=\"https:\/\/www.altominho.tv\/site\/wp-content\/uploads\/2021\/04\/mosteiro-neiva.jpg\" \/>\n\t<meta property=\"og:image:width\" content=\"512\" \/>\n\t<meta property=\"og:image:height\" content=\"341\" \/>\n\t<meta property=\"og:image:type\" content=\"image\/jpeg\" \/>\n<meta name=\"author\" content=\"Lusa\" \/>\n<meta name=\"twitter:card\" content=\"summary_large_image\" \/>\n<meta name=\"twitter:creator\" content=\"@altominhoTV\" \/>\n<meta name=\"twitter:site\" content=\"@altominhoTV\" \/>\n<meta name=\"twitter:label1\" content=\"Escrito por\" \/>\n\t<meta name=\"twitter:data1\" content=\"Lusa\" \/>\n\t<meta name=\"twitter:label2\" content=\"Tempo estimado de leitura\" \/>\n\t<meta name=\"twitter:data2\" content=\"4 minutos\" \/>\n<script type=\"application\/ld+json\" class=\"yoast-schema-graph\">{\"@context\":\"https:\\\/\\\/schema.org\",\"@graph\":[{\"@type\":\"Article\",\"@id\":\"https:\\\/\\\/www.altominho.tv\\\/site\\\/2024\\\/01\\\/25\\\/livro-guarda-historia-de-mosteiro-de-viana-do-castelo-em-risco-de-ruina\\\/#article\",\"isPartOf\":{\"@id\":\"https:\\\/\\\/www.altominho.tv\\\/site\\\/2024\\\/01\\\/25\\\/livro-guarda-historia-de-mosteiro-de-viana-do-castelo-em-risco-de-ruina\\\/\"},\"author\":{\"name\":\"Lusa\",\"@id\":\"https:\\\/\\\/www.altominho.tv\\\/site\\\/#\\\/schema\\\/person\\\/63f693da3e1899361cbe955c46f3232e\"},\"headline\":\"Livro guarda hist\u00f3ria de mosteiro de Viana do Castelo em risco de ru\u00edna\",\"datePublished\":\"2024-01-25T17:14:42+00:00\",\"dateModified\":\"2024-01-25T17:14:44+00:00\",\"mainEntityOfPage\":{\"@id\":\"https:\\\/\\\/www.altominho.tv\\\/site\\\/2024\\\/01\\\/25\\\/livro-guarda-historia-de-mosteiro-de-viana-do-castelo-em-risco-de-ruina\\\/\"},\"wordCount\":688,\"image\":{\"@id\":\"https:\\\/\\\/www.altominho.tv\\\/site\\\/2024\\\/01\\\/25\\\/livro-guarda-historia-de-mosteiro-de-viana-do-castelo-em-risco-de-ruina\\\/#primaryimage\"},\"thumbnailUrl\":\"https:\\\/\\\/www.altominho.tv\\\/site\\\/wp-content\\\/uploads\\\/2021\\\/04\\\/mosteiro-neiva.jpg\",\"keywords\":[\"Cultura\"],\"articleSection\":[\"Viana do Castelo\"],\"inLanguage\":\"pt-PT\",\"copyrightYear\":\"2024\",\"copyrightHolder\":{\"@id\":\"https:\\\/\\\/www.altominho.tv\\\/site\\\/#organization\"}},{\"@type\":\"WebPage\",\"@id\":\"https:\\\/\\\/www.altominho.tv\\\/site\\\/2024\\\/01\\\/25\\\/livro-guarda-historia-de-mosteiro-de-viana-do-castelo-em-risco-de-ruina\\\/\",\"url\":\"https:\\\/\\\/www.altominho.tv\\\/site\\\/2024\\\/01\\\/25\\\/livro-guarda-historia-de-mosteiro-de-viana-do-castelo-em-risco-de-ruina\\\/\",\"name\":\"Livro guarda hist\u00f3ria de mosteiro de Viana do Castelo em risco de ru\u00edna\",\"isPartOf\":{\"@id\":\"https:\\\/\\\/www.altominho.tv\\\/site\\\/#website\"},\"primaryImageOfPage\":{\"@id\":\"https:\\\/\\\/www.altominho.tv\\\/site\\\/2024\\\/01\\\/25\\\/livro-guarda-historia-de-mosteiro-de-viana-do-castelo-em-risco-de-ruina\\\/#primaryimage\"},\"image\":{\"@id\":\"https:\\\/\\\/www.altominho.tv\\\/site\\\/2024\\\/01\\\/25\\\/livro-guarda-historia-de-mosteiro-de-viana-do-castelo-em-risco-de-ruina\\\/#primaryimage\"},\"thumbnailUrl\":\"https:\\\/\\\/www.altominho.tv\\\/site\\\/wp-content\\\/uploads\\\/2021\\\/04\\\/mosteiro-neiva.jpg\",\"datePublished\":\"2024-01-25T17:14:42+00:00\",\"dateModified\":\"2024-01-25T17:14:44+00:00\",\"author\":{\"@id\":\"https:\\\/\\\/www.altominho.tv\\\/site\\\/#\\\/schema\\\/person\\\/63f693da3e1899361cbe955c46f3232e\"},\"description\":\"O historiador Rodrigo Vaz vai lan\u00e7ar, no domingo, um livro sobre o mosteiro beneditino em S\u00e3o Rom\u00e3o de Neiva, Viana do Castelo, cuja funda\u00e7\u00e3o remonta ao s\u00e9culo XI, para salvaguardar a hist\u00f3ria do monumento, a amea\u00e7ar a ru\u00edna.\",\"breadcrumb\":{\"@id\":\"https:\\\/\\\/www.altominho.tv\\\/site\\\/2024\\\/01\\\/25\\\/livro-guarda-historia-de-mosteiro-de-viana-do-castelo-em-risco-de-ruina\\\/#breadcrumb\"},\"inLanguage\":\"pt-PT\",\"potentialAction\":[{\"@type\":\"ReadAction\",\"target\":[\"https:\\\/\\\/www.altominho.tv\\\/site\\\/2024\\\/01\\\/25\\\/livro-guarda-historia-de-mosteiro-de-viana-do-castelo-em-risco-de-ruina\\\/\"]}]},{\"@type\":\"ImageObject\",\"inLanguage\":\"pt-PT\",\"@id\":\"https:\\\/\\\/www.altominho.tv\\\/site\\\/2024\\\/01\\\/25\\\/livro-guarda-historia-de-mosteiro-de-viana-do-castelo-em-risco-de-ruina\\\/#primaryimage\",\"url\":\"https:\\\/\\\/www.altominho.tv\\\/site\\\/wp-content\\\/uploads\\\/2021\\\/04\\\/mosteiro-neiva.jpg\",\"contentUrl\":\"https:\\\/\\\/www.altominho.tv\\\/site\\\/wp-content\\\/uploads\\\/2021\\\/04\\\/mosteiro-neiva.jpg\",\"width\":512,\"height\":341},{\"@type\":\"BreadcrumbList\",\"@id\":\"https:\\\/\\\/www.altominho.tv\\\/site\\\/2024\\\/01\\\/25\\\/livro-guarda-historia-de-mosteiro-de-viana-do-castelo-em-risco-de-ruina\\\/#breadcrumb\",\"itemListElement\":[{\"@type\":\"ListItem\",\"position\":1,\"name\":\"In\u00edcio\",\"item\":\"https:\\\/\\\/www.altominho.tv\\\/site\\\/\"},{\"@type\":\"ListItem\",\"position\":2,\"name\":\"Livro guarda hist\u00f3ria de mosteiro de Viana do Castelo em risco de ru\u00edna\"}]},{\"@type\":\"WebSite\",\"@id\":\"https:\\\/\\\/www.altominho.tv\\\/site\\\/#website\",\"url\":\"https:\\\/\\\/www.altominho.tv\\\/site\\\/\",\"name\":\"Altominho.tv\",\"description\":\"A sua regi\u00e3o \u00e0 dist\u00e2ncia de um clique...\",\"potentialAction\":[{\"@type\":\"SearchAction\",\"target\":{\"@type\":\"EntryPoint\",\"urlTemplate\":\"https:\\\/\\\/www.altominho.tv\\\/site\\\/?s={search_term_string}\"},\"query-input\":{\"@type\":\"PropertyValueSpecification\",\"valueRequired\":true,\"valueName\":\"search_term_string\"}}],\"inLanguage\":\"pt-PT\"},{\"@type\":\"Person\",\"@id\":\"https:\\\/\\\/www.altominho.tv\\\/site\\\/#\\\/schema\\\/person\\\/63f693da3e1899361cbe955c46f3232e\",\"name\":\"Lusa\",\"image\":{\"@type\":\"ImageObject\",\"inLanguage\":\"pt-PT\",\"@id\":\"https:\\\/\\\/www.altominho.tv\\\/site\\\/wp-content\\\/uploads\\\/2019\\\/08\\\/LUSA_Logo.gif\",\"url\":\"https:\\\/\\\/www.altominho.tv\\\/site\\\/wp-content\\\/uploads\\\/2019\\\/08\\\/LUSA_Logo.gif\",\"contentUrl\":\"https:\\\/\\\/www.altominho.tv\\\/site\\\/wp-content\\\/uploads\\\/2019\\\/08\\\/LUSA_Logo.gif\",\"caption\":\"Lusa\"},\"sameAs\":[\"http:\\\/\\\/\\\/\\\/www.altominho.tv\\\/site\"],\"url\":\"https:\\\/\\\/www.altominho.tv\\\/site\\\/author\\\/lusa\\\/\"}]}<\/script>\n<!-- \/ Yoast SEO Premium plugin. -->","yoast_head_json":{"title":"Livro guarda hist\u00f3ria de mosteiro de Viana do Castelo em risco de ru\u00edna","description":"O historiador Rodrigo Vaz vai lan\u00e7ar, no domingo, um livro sobre o mosteiro beneditino em S\u00e3o Rom\u00e3o de Neiva, Viana do Castelo, cuja funda\u00e7\u00e3o remonta ao s\u00e9culo XI, para salvaguardar a hist\u00f3ria do monumento, a amea\u00e7ar a ru\u00edna.","robots":{"index":"index","follow":"follow","max-snippet":"max-snippet:-1","max-image-preview":"max-image-preview:large","max-video-preview":"max-video-preview:-1"},"canonical":"https:\/\/www.altominho.tv\/site\/2024\/01\/25\/livro-guarda-historia-de-mosteiro-de-viana-do-castelo-em-risco-de-ruina\/","og_locale":"pt_PT","og_type":"article","og_title":"Livro guarda hist\u00f3ria de mosteiro de Viana do Castelo em risco de ru\u00edna","og_description":"O historiador Rodrigo Vaz vai lan\u00e7ar, no domingo, um livro sobre o mosteiro beneditino em S\u00e3o Rom\u00e3o de Neiva, Viana do Castelo, cuja funda\u00e7\u00e3o remonta ao s\u00e9culo XI, para salvaguardar a hist\u00f3ria do monumento, a amea\u00e7ar a ru\u00edna.","og_url":"https:\/\/www.altominho.tv\/site\/2024\/01\/25\/livro-guarda-historia-de-mosteiro-de-viana-do-castelo-em-risco-de-ruina\/","og_site_name":"Altominho.tv","article_publisher":"https:\/\/www.facebook.com\/altominhotv","article_published_time":"2024-01-25T17:14:42+00:00","article_modified_time":"2024-01-25T17:14:44+00:00","og_image":[{"width":512,"height":341,"url":"https:\/\/www.altominho.tv\/site\/wp-content\/uploads\/2021\/04\/mosteiro-neiva.jpg","type":"image\/jpeg"}],"author":"Lusa","twitter_card":"summary_large_image","twitter_creator":"@altominhoTV","twitter_site":"@altominhoTV","twitter_misc":{"Escrito por":"Lusa","Tempo estimado de leitura":"4 minutos"},"schema":{"@context":"https:\/\/schema.org","@graph":[{"@type":"Article","@id":"https:\/\/www.altominho.tv\/site\/2024\/01\/25\/livro-guarda-historia-de-mosteiro-de-viana-do-castelo-em-risco-de-ruina\/#article","isPartOf":{"@id":"https:\/\/www.altominho.tv\/site\/2024\/01\/25\/livro-guarda-historia-de-mosteiro-de-viana-do-castelo-em-risco-de-ruina\/"},"author":{"name":"Lusa","@id":"https:\/\/www.altominho.tv\/site\/#\/schema\/person\/63f693da3e1899361cbe955c46f3232e"},"headline":"Livro guarda hist\u00f3ria de mosteiro de Viana do Castelo em risco de ru\u00edna","datePublished":"2024-01-25T17:14:42+00:00","dateModified":"2024-01-25T17:14:44+00:00","mainEntityOfPage":{"@id":"https:\/\/www.altominho.tv\/site\/2024\/01\/25\/livro-guarda-historia-de-mosteiro-de-viana-do-castelo-em-risco-de-ruina\/"},"wordCount":688,"image":{"@id":"https:\/\/www.altominho.tv\/site\/2024\/01\/25\/livro-guarda-historia-de-mosteiro-de-viana-do-castelo-em-risco-de-ruina\/#primaryimage"},"thumbnailUrl":"https:\/\/www.altominho.tv\/site\/wp-content\/uploads\/2021\/04\/mosteiro-neiva.jpg","keywords":["Cultura"],"articleSection":["Viana do Castelo"],"inLanguage":"pt-PT","copyrightYear":"2024","copyrightHolder":{"@id":"https:\/\/www.altominho.tv\/site\/#organization"}},{"@type":"WebPage","@id":"https:\/\/www.altominho.tv\/site\/2024\/01\/25\/livro-guarda-historia-de-mosteiro-de-viana-do-castelo-em-risco-de-ruina\/","url":"https:\/\/www.altominho.tv\/site\/2024\/01\/25\/livro-guarda-historia-de-mosteiro-de-viana-do-castelo-em-risco-de-ruina\/","name":"Livro guarda hist\u00f3ria de mosteiro de Viana do Castelo em risco de ru\u00edna","isPartOf":{"@id":"https:\/\/www.altominho.tv\/site\/#website"},"primaryImageOfPage":{"@id":"https:\/\/www.altominho.tv\/site\/2024\/01\/25\/livro-guarda-historia-de-mosteiro-de-viana-do-castelo-em-risco-de-ruina\/#primaryimage"},"image":{"@id":"https:\/\/www.altominho.tv\/site\/2024\/01\/25\/livro-guarda-historia-de-mosteiro-de-viana-do-castelo-em-risco-de-ruina\/#primaryimage"},"thumbnailUrl":"https:\/\/www.altominho.tv\/site\/wp-content\/uploads\/2021\/04\/mosteiro-neiva.jpg","datePublished":"2024-01-25T17:14:42+00:00","dateModified":"2024-01-25T17:14:44+00:00","author":{"@id":"https:\/\/www.altominho.tv\/site\/#\/schema\/person\/63f693da3e1899361cbe955c46f3232e"},"description":"O historiador Rodrigo Vaz vai lan\u00e7ar, no domingo, um livro sobre o mosteiro beneditino em S\u00e3o Rom\u00e3o de Neiva, Viana do Castelo, cuja funda\u00e7\u00e3o remonta ao s\u00e9culo XI, para salvaguardar a hist\u00f3ria do monumento, a amea\u00e7ar a ru\u00edna.","breadcrumb":{"@id":"https:\/\/www.altominho.tv\/site\/2024\/01\/25\/livro-guarda-historia-de-mosteiro-de-viana-do-castelo-em-risco-de-ruina\/#breadcrumb"},"inLanguage":"pt-PT","potentialAction":[{"@type":"ReadAction","target":["https:\/\/www.altominho.tv\/site\/2024\/01\/25\/livro-guarda-historia-de-mosteiro-de-viana-do-castelo-em-risco-de-ruina\/"]}]},{"@type":"ImageObject","inLanguage":"pt-PT","@id":"https:\/\/www.altominho.tv\/site\/2024\/01\/25\/livro-guarda-historia-de-mosteiro-de-viana-do-castelo-em-risco-de-ruina\/#primaryimage","url":"https:\/\/www.altominho.tv\/site\/wp-content\/uploads\/2021\/04\/mosteiro-neiva.jpg","contentUrl":"https:\/\/www.altominho.tv\/site\/wp-content\/uploads\/2021\/04\/mosteiro-neiva.jpg","width":512,"height":341},{"@type":"BreadcrumbList","@id":"https:\/\/www.altominho.tv\/site\/2024\/01\/25\/livro-guarda-historia-de-mosteiro-de-viana-do-castelo-em-risco-de-ruina\/#breadcrumb","itemListElement":[{"@type":"ListItem","position":1,"name":"In\u00edcio","item":"https:\/\/www.altominho.tv\/site\/"},{"@type":"ListItem","position":2,"name":"Livro guarda hist\u00f3ria de mosteiro de Viana do Castelo em risco de ru\u00edna"}]},{"@type":"WebSite","@id":"https:\/\/www.altominho.tv\/site\/#website","url":"https:\/\/www.altominho.tv\/site\/","name":"Altominho.tv","description":"A sua regi\u00e3o \u00e0 dist\u00e2ncia de um clique...","potentialAction":[{"@type":"SearchAction","target":{"@type":"EntryPoint","urlTemplate":"https:\/\/www.altominho.tv\/site\/?s={search_term_string}"},"query-input":{"@type":"PropertyValueSpecification","valueRequired":true,"valueName":"search_term_string"}}],"inLanguage":"pt-PT"},{"@type":"Person","@id":"https:\/\/www.altominho.tv\/site\/#\/schema\/person\/63f693da3e1899361cbe955c46f3232e","name":"Lusa","image":{"@type":"ImageObject","inLanguage":"pt-PT","@id":"https:\/\/www.altominho.tv\/site\/wp-content\/uploads\/2019\/08\/LUSA_Logo.gif","url":"https:\/\/www.altominho.tv\/site\/wp-content\/uploads\/2019\/08\/LUSA_Logo.gif","contentUrl":"https:\/\/www.altominho.tv\/site\/wp-content\/uploads\/2019\/08\/LUSA_Logo.gif","caption":"Lusa"},"sameAs":["http:\/\/\/\/www.altominho.tv\/site"],"url":"https:\/\/www.altominho.tv\/site\/author\/lusa\/"}]}},"_links":{"self":[{"href":"https:\/\/www.altominho.tv\/site\/wp-json\/wp\/v2\/posts\/103906","targetHints":{"allow":["GET"]}}],"collection":[{"href":"https:\/\/www.altominho.tv\/site\/wp-json\/wp\/v2\/posts"}],"about":[{"href":"https:\/\/www.altominho.tv\/site\/wp-json\/wp\/v2\/types\/post"}],"author":[{"embeddable":true,"href":"https:\/\/www.altominho.tv\/site\/wp-json\/wp\/v2\/users\/13"}],"replies":[{"embeddable":true,"href":"https:\/\/www.altominho.tv\/site\/wp-json\/wp\/v2\/comments?post=103906"}],"version-history":[{"count":1,"href":"https:\/\/www.altominho.tv\/site\/wp-json\/wp\/v2\/posts\/103906\/revisions"}],"predecessor-version":[{"id":103907,"href":"https:\/\/www.altominho.tv\/site\/wp-json\/wp\/v2\/posts\/103906\/revisions\/103907"}],"wp:featuredmedia":[{"embeddable":true,"href":"https:\/\/www.altominho.tv\/site\/wp-json\/wp\/v2\/media\/65528"}],"wp:attachment":[{"href":"https:\/\/www.altominho.tv\/site\/wp-json\/wp\/v2\/media?parent=103906"}],"wp:term":[{"taxonomy":"category","embeddable":true,"href":"https:\/\/www.altominho.tv\/site\/wp-json\/wp\/v2\/categories?post=103906"},{"taxonomy":"post_tag","embeddable":true,"href":"https:\/\/www.altominho.tv\/site\/wp-json\/wp\/v2\/tags?post=103906"}],"curies":[{"name":"wp","href":"https:\/\/api.w.org\/{rel}","templated":true}]}}