{"id":103897,"date":"2024-01-25T14:59:17","date_gmt":"2024-01-25T14:59:17","guid":{"rendered":"https:\/\/www.altominho.tv\/site\/?p=103897"},"modified":"2024-01-25T14:59:20","modified_gmt":"2024-01-25T14:59:20","slug":"lobo-atacou-na-freguesia-de-coura-seis-ovelhas-mortas","status":"publish","type":"post","link":"https:\/\/www.altominho.tv\/site\/2024\/01\/25\/lobo-atacou-na-freguesia-de-coura-seis-ovelhas-mortas\/","title":{"rendered":"Lobo atacou na freguesia de Coura: seis ovelhas mortas"},"content":{"rendered":"<p class=\"p1\">Um rebanho de ovelhas ter\u00e1 sido atacado por um lobo, na madrugada de quarta-feira, na freguesia de Coura, em Paredes de Coura. No total, seis animais perderam a vida.<\/p>\n<p class=\"p1\">O propriet\u00e1rio das ovelhas, que optou pelo anonimato, revelou \u00e0 <strong>Altominho TV<\/strong> que\u00a0 &#8220;j\u00e1 n\u00e3o \u00e9 a primeira vez que esta situa\u00e7\u00e3o acontece&#8221; na localidade, apesar de ter o &#8220;terreno vedado&#8221;, mas decidiu n\u00e3o contactar as autoridades, nomeadamente o Instituto da Conserva\u00e7\u00e3o da Natureza e das Florestas (ICNF).<\/p>\n<p class=\"p1\">Atentando \u00e0s &#8220;caracter\u00edsticas dos ferimentos&#8221;, o propriet\u00e1rio acredita que os animais foram atacados por um lobo.<\/p>\n","protected":false},"excerpt":{"rendered":"<p>Um rebanho de ovelhas ter\u00e1 sido atacado por um lobo, na madrugada de quarta-feira, na freguesia de Coura, em Paredes de Coura. No total, seis animais perderam a vida. O propriet\u00e1rio das ovelhas, que optou pelo anonimato, revelou \u00e0 Altominho TV que\u00a0 &#8220;j\u00e1 n\u00e3o \u00e9 a primeira vez que esta situa\u00e7\u00e3o acontece&#8221; na localidade, apesar [&hellip;]<\/p>\n","protected":false},"author":1,"featured_media":103901,"comment_status":"closed","ping_status":"closed","sticky":false,"template":"","format":"standard","meta":{"_exactmetrics_skip_tracking":false,"_exactmetrics_sitenote_active":false,"_exactmetrics_sitenote_note":"","_exactmetrics_sitenote_category":0,"footnotes":""},"categories":[10],"tags":[27],"class_list":["post-103897","post","type-post","status-publish","format-standard","has-post-thumbnail","hentry","category-paredes-de-coura","tag-sociedade"],"yoast_head":"<!-- This site is optimized with the Yoast SEO Premium plugin v27.4 (Yoast SEO v27.4) - https:\/\/yoast.com\/product\/yoast-seo-premium-wordpress\/ -->\n<title>Lobo atacou na freguesia de Coura: seis ovelhas mortas<\/title>\n<meta name=\"description\" content=\"Um rebanho de ovelhas ter\u00e1 sido atacado por um lobo, na madrugada de quarta-feira, na freguesia de Coura, em Paredes de Coura. No total, seis animais perderam a vida.\" \/>\n<meta name=\"robots\" content=\"index, follow, max-snippet:-1, max-image-preview:large, max-video-preview:-1\" \/>\n<link rel=\"canonical\" href=\"https:\/\/www.altominho.tv\/site\/2024\/01\/25\/lobo-atacou-na-freguesia-de-coura-seis-ovelhas-mortas\/\" \/>\n<meta property=\"og:locale\" content=\"pt_PT\" \/>\n<meta property=\"og:type\" content=\"article\" \/>\n<meta property=\"og:title\" content=\"Lobo atacou na freguesia de Coura: seis ovelhas mortas\" \/>\n<meta property=\"og:description\" content=\"Um rebanho de ovelhas ter\u00e1 sido atacado por um lobo, na madrugada de quarta-feira, na freguesia de Coura, em Paredes de Coura. No total, seis animais perderam a vida.\" \/>\n<meta property=\"og:url\" content=\"https:\/\/www.altominho.tv\/site\/2024\/01\/25\/lobo-atacou-na-freguesia-de-coura-seis-ovelhas-mortas\/\" \/>\n<meta property=\"og:site_name\" content=\"Altominho.tv\" \/>\n<meta property=\"article:publisher\" content=\"https:\/\/www.facebook.com\/altominhotv\" \/>\n<meta property=\"article:published_time\" content=\"2024-01-25T14:59:17+00:00\" \/>\n<meta property=\"article:modified_time\" content=\"2024-01-25T14:59:20+00:00\" \/>\n<meta property=\"og:image\" content=\"https:\/\/www.altominho.tv\/site\/wp-content\/uploads\/2024\/01\/ovelhas-lobo-1.jpg\" \/>\n\t<meta property=\"og:image:width\" content=\"1920\" \/>\n\t<meta property=\"og:image:height\" content=\"1080\" \/>\n\t<meta property=\"og:image:type\" content=\"image\/jpeg\" \/>\n<meta name=\"author\" content=\"Altominho.tv\" \/>\n<meta name=\"twitter:card\" content=\"summary_large_image\" \/>\n<meta name=\"twitter:creator\" content=\"@altominhoTV\" \/>\n<meta name=\"twitter:site\" content=\"@altominhoTV\" \/>\n<meta name=\"twitter:label1\" content=\"Escrito por\" \/>\n\t<meta name=\"twitter:data1\" content=\"Altominho.tv\" \/>\n\t<meta name=\"twitter:label2\" content=\"Tempo estimado de leitura\" \/>\n\t<meta name=\"twitter:data2\" content=\"1 minuto\" \/>\n<script type=\"application\/ld+json\" class=\"yoast-schema-graph\">{\"@context\":\"https:\\\/\\\/schema.org\",\"@graph\":[{\"@type\":\"Article\",\"@id\":\"https:\\\/\\\/www.altominho.tv\\\/site\\\/2024\\\/01\\\/25\\\/lobo-atacou-na-freguesia-de-coura-seis-ovelhas-mortas\\\/#article\",\"isPartOf\":{\"@id\":\"https:\\\/\\\/www.altominho.tv\\\/site\\\/2024\\\/01\\\/25\\\/lobo-atacou-na-freguesia-de-coura-seis-ovelhas-mortas\\\/\"},\"author\":{\"name\":\"Altominho.tv\",\"@id\":\"https:\\\/\\\/www.altominho.tv\\\/site\\\/#\\\/schema\\\/person\\\/4e536851627d7914baf3dac752b6af22\"},\"headline\":\"Lobo atacou na freguesia de Coura: seis ovelhas mortas\",\"datePublished\":\"2024-01-25T14:59:17+00:00\",\"dateModified\":\"2024-01-25T14:59:20+00:00\",\"mainEntityOfPage\":{\"@id\":\"https:\\\/\\\/www.altominho.tv\\\/site\\\/2024\\\/01\\\/25\\\/lobo-atacou-na-freguesia-de-coura-seis-ovelhas-mortas\\\/\"},\"wordCount\":107,\"image\":{\"@id\":\"https:\\\/\\\/www.altominho.tv\\\/site\\\/2024\\\/01\\\/25\\\/lobo-atacou-na-freguesia-de-coura-seis-ovelhas-mortas\\\/#primaryimage\"},\"thumbnailUrl\":\"https:\\\/\\\/www.altominho.tv\\\/site\\\/wp-content\\\/uploads\\\/2024\\\/01\\\/ovelhas-lobo-1.jpg\",\"keywords\":[\"Sociedade\"],\"articleSection\":[\"Paredes de Coura\"],\"inLanguage\":\"pt-PT\",\"copyrightYear\":\"2024\",\"copyrightHolder\":{\"@id\":\"https:\\\/\\\/www.altominho.tv\\\/site\\\/#organization\"}},{\"@type\":\"WebPage\",\"@id\":\"https:\\\/\\\/www.altominho.tv\\\/site\\\/2024\\\/01\\\/25\\\/lobo-atacou-na-freguesia-de-coura-seis-ovelhas-mortas\\\/\",\"url\":\"https:\\\/\\\/www.altominho.tv\\\/site\\\/2024\\\/01\\\/25\\\/lobo-atacou-na-freguesia-de-coura-seis-ovelhas-mortas\\\/\",\"name\":\"Lobo atacou na freguesia de Coura: seis ovelhas mortas\",\"isPartOf\":{\"@id\":\"https:\\\/\\\/www.altominho.tv\\\/site\\\/#website\"},\"primaryImageOfPage\":{\"@id\":\"https:\\\/\\\/www.altominho.tv\\\/site\\\/2024\\\/01\\\/25\\\/lobo-atacou-na-freguesia-de-coura-seis-ovelhas-mortas\\\/#primaryimage\"},\"image\":{\"@id\":\"https:\\\/\\\/www.altominho.tv\\\/site\\\/2024\\\/01\\\/25\\\/lobo-atacou-na-freguesia-de-coura-seis-ovelhas-mortas\\\/#primaryimage\"},\"thumbnailUrl\":\"https:\\\/\\\/www.altominho.tv\\\/site\\\/wp-content\\\/uploads\\\/2024\\\/01\\\/ovelhas-lobo-1.jpg\",\"datePublished\":\"2024-01-25T14:59:17+00:00\",\"dateModified\":\"2024-01-25T14:59:20+00:00\",\"author\":{\"@id\":\"https:\\\/\\\/www.altominho.tv\\\/site\\\/#\\\/schema\\\/person\\\/4e536851627d7914baf3dac752b6af22\"},\"description\":\"Um rebanho de ovelhas ter\u00e1 sido atacado por um lobo, na madrugada de quarta-feira, na freguesia de Coura, em Paredes de Coura. No total, seis animais perderam a vida.\",\"breadcrumb\":{\"@id\":\"https:\\\/\\\/www.altominho.tv\\\/site\\\/2024\\\/01\\\/25\\\/lobo-atacou-na-freguesia-de-coura-seis-ovelhas-mortas\\\/#breadcrumb\"},\"inLanguage\":\"pt-PT\",\"potentialAction\":[{\"@type\":\"ReadAction\",\"target\":[\"https:\\\/\\\/www.altominho.tv\\\/site\\\/2024\\\/01\\\/25\\\/lobo-atacou-na-freguesia-de-coura-seis-ovelhas-mortas\\\/\"]}]},{\"@type\":\"ImageObject\",\"inLanguage\":\"pt-PT\",\"@id\":\"https:\\\/\\\/www.altominho.tv\\\/site\\\/2024\\\/01\\\/25\\\/lobo-atacou-na-freguesia-de-coura-seis-ovelhas-mortas\\\/#primaryimage\",\"url\":\"https:\\\/\\\/www.altominho.tv\\\/site\\\/wp-content\\\/uploads\\\/2024\\\/01\\\/ovelhas-lobo-1.jpg\",\"contentUrl\":\"https:\\\/\\\/www.altominho.tv\\\/site\\\/wp-content\\\/uploads\\\/2024\\\/01\\\/ovelhas-lobo-1.jpg\",\"width\":1920,\"height\":1080},{\"@type\":\"BreadcrumbList\",\"@id\":\"https:\\\/\\\/www.altominho.tv\\\/site\\\/2024\\\/01\\\/25\\\/lobo-atacou-na-freguesia-de-coura-seis-ovelhas-mortas\\\/#breadcrumb\",\"itemListElement\":[{\"@type\":\"ListItem\",\"position\":1,\"name\":\"In\u00edcio\",\"item\":\"https:\\\/\\\/www.altominho.tv\\\/site\\\/\"},{\"@type\":\"ListItem\",\"position\":2,\"name\":\"Lobo atacou na freguesia de Coura: seis ovelhas mortas\"}]},{\"@type\":\"WebSite\",\"@id\":\"https:\\\/\\\/www.altominho.tv\\\/site\\\/#website\",\"url\":\"https:\\\/\\\/www.altominho.tv\\\/site\\\/\",\"name\":\"Altominho.tv\",\"description\":\"A sua regi\u00e3o \u00e0 dist\u00e2ncia de um clique...\",\"potentialAction\":[{\"@type\":\"SearchAction\",\"target\":{\"@type\":\"EntryPoint\",\"urlTemplate\":\"https:\\\/\\\/www.altominho.tv\\\/site\\\/?s={search_term_string}\"},\"query-input\":{\"@type\":\"PropertyValueSpecification\",\"valueRequired\":true,\"valueName\":\"search_term_string\"}}],\"inLanguage\":\"pt-PT\"},{\"@type\":\"Person\",\"@id\":\"https:\\\/\\\/www.altominho.tv\\\/site\\\/#\\\/schema\\\/person\\\/4e536851627d7914baf3dac752b6af22\",\"name\":\"Altominho.tv\",\"image\":{\"@type\":\"ImageObject\",\"inLanguage\":\"pt-PT\",\"@id\":\"https:\\\/\\\/www.altominho.tv\\\/site\\\/wp-content\\\/uploads\\\/2019\\\/11\\\/Logo_Avatar_2-150x150.jpg\",\"url\":\"https:\\\/\\\/www.altominho.tv\\\/site\\\/wp-content\\\/uploads\\\/2019\\\/11\\\/Logo_Avatar_2-150x150.jpg\",\"contentUrl\":\"https:\\\/\\\/www.altominho.tv\\\/site\\\/wp-content\\\/uploads\\\/2019\\\/11\\\/Logo_Avatar_2-150x150.jpg\",\"caption\":\"Altominho.tv\"},\"url\":\"https:\\\/\\\/www.altominho.tv\\\/site\\\/author\\\/altominhotv-tecnico\\\/\"}]}<\/script>\n<!-- \/ Yoast SEO Premium plugin. -->","yoast_head_json":{"title":"Lobo atacou na freguesia de Coura: seis ovelhas mortas","description":"Um rebanho de ovelhas ter\u00e1 sido atacado por um lobo, na madrugada de quarta-feira, na freguesia de Coura, em Paredes de Coura. No total, seis animais perderam a vida.","robots":{"index":"index","follow":"follow","max-snippet":"max-snippet:-1","max-image-preview":"max-image-preview:large","max-video-preview":"max-video-preview:-1"},"canonical":"https:\/\/www.altominho.tv\/site\/2024\/01\/25\/lobo-atacou-na-freguesia-de-coura-seis-ovelhas-mortas\/","og_locale":"pt_PT","og_type":"article","og_title":"Lobo atacou na freguesia de Coura: seis ovelhas mortas","og_description":"Um rebanho de ovelhas ter\u00e1 sido atacado por um lobo, na madrugada de quarta-feira, na freguesia de Coura, em Paredes de Coura. No total, seis animais perderam a vida.","og_url":"https:\/\/www.altominho.tv\/site\/2024\/01\/25\/lobo-atacou-na-freguesia-de-coura-seis-ovelhas-mortas\/","og_site_name":"Altominho.tv","article_publisher":"https:\/\/www.facebook.com\/altominhotv","article_published_time":"2024-01-25T14:59:17+00:00","article_modified_time":"2024-01-25T14:59:20+00:00","og_image":[{"width":1920,"height":1080,"url":"https:\/\/www.altominho.tv\/site\/wp-content\/uploads\/2024\/01\/ovelhas-lobo-1.jpg","type":"image\/jpeg"}],"author":"Altominho.tv","twitter_card":"summary_large_image","twitter_creator":"@altominhoTV","twitter_site":"@altominhoTV","twitter_misc":{"Escrito por":"Altominho.tv","Tempo estimado de leitura":"1 minuto"},"schema":{"@context":"https:\/\/schema.org","@graph":[{"@type":"Article","@id":"https:\/\/www.altominho.tv\/site\/2024\/01\/25\/lobo-atacou-na-freguesia-de-coura-seis-ovelhas-mortas\/#article","isPartOf":{"@id":"https:\/\/www.altominho.tv\/site\/2024\/01\/25\/lobo-atacou-na-freguesia-de-coura-seis-ovelhas-mortas\/"},"author":{"name":"Altominho.tv","@id":"https:\/\/www.altominho.tv\/site\/#\/schema\/person\/4e536851627d7914baf3dac752b6af22"},"headline":"Lobo atacou na freguesia de Coura: seis ovelhas mortas","datePublished":"2024-01-25T14:59:17+00:00","dateModified":"2024-01-25T14:59:20+00:00","mainEntityOfPage":{"@id":"https:\/\/www.altominho.tv\/site\/2024\/01\/25\/lobo-atacou-na-freguesia-de-coura-seis-ovelhas-mortas\/"},"wordCount":107,"image":{"@id":"https:\/\/www.altominho.tv\/site\/2024\/01\/25\/lobo-atacou-na-freguesia-de-coura-seis-ovelhas-mortas\/#primaryimage"},"thumbnailUrl":"https:\/\/www.altominho.tv\/site\/wp-content\/uploads\/2024\/01\/ovelhas-lobo-1.jpg","keywords":["Sociedade"],"articleSection":["Paredes de Coura"],"inLanguage":"pt-PT","copyrightYear":"2024","copyrightHolder":{"@id":"https:\/\/www.altominho.tv\/site\/#organization"}},{"@type":"WebPage","@id":"https:\/\/www.altominho.tv\/site\/2024\/01\/25\/lobo-atacou-na-freguesia-de-coura-seis-ovelhas-mortas\/","url":"https:\/\/www.altominho.tv\/site\/2024\/01\/25\/lobo-atacou-na-freguesia-de-coura-seis-ovelhas-mortas\/","name":"Lobo atacou na freguesia de Coura: seis ovelhas mortas","isPartOf":{"@id":"https:\/\/www.altominho.tv\/site\/#website"},"primaryImageOfPage":{"@id":"https:\/\/www.altominho.tv\/site\/2024\/01\/25\/lobo-atacou-na-freguesia-de-coura-seis-ovelhas-mortas\/#primaryimage"},"image":{"@id":"https:\/\/www.altominho.tv\/site\/2024\/01\/25\/lobo-atacou-na-freguesia-de-coura-seis-ovelhas-mortas\/#primaryimage"},"thumbnailUrl":"https:\/\/www.altominho.tv\/site\/wp-content\/uploads\/2024\/01\/ovelhas-lobo-1.jpg","datePublished":"2024-01-25T14:59:17+00:00","dateModified":"2024-01-25T14:59:20+00:00","author":{"@id":"https:\/\/www.altominho.tv\/site\/#\/schema\/person\/4e536851627d7914baf3dac752b6af22"},"description":"Um rebanho de ovelhas ter\u00e1 sido atacado por um lobo, na madrugada de quarta-feira, na freguesia de Coura, em Paredes de Coura. No total, seis animais perderam a vida.","breadcrumb":{"@id":"https:\/\/www.altominho.tv\/site\/2024\/01\/25\/lobo-atacou-na-freguesia-de-coura-seis-ovelhas-mortas\/#breadcrumb"},"inLanguage":"pt-PT","potentialAction":[{"@type":"ReadAction","target":["https:\/\/www.altominho.tv\/site\/2024\/01\/25\/lobo-atacou-na-freguesia-de-coura-seis-ovelhas-mortas\/"]}]},{"@type":"ImageObject","inLanguage":"pt-PT","@id":"https:\/\/www.altominho.tv\/site\/2024\/01\/25\/lobo-atacou-na-freguesia-de-coura-seis-ovelhas-mortas\/#primaryimage","url":"https:\/\/www.altominho.tv\/site\/wp-content\/uploads\/2024\/01\/ovelhas-lobo-1.jpg","contentUrl":"https:\/\/www.altominho.tv\/site\/wp-content\/uploads\/2024\/01\/ovelhas-lobo-1.jpg","width":1920,"height":1080},{"@type":"BreadcrumbList","@id":"https:\/\/www.altominho.tv\/site\/2024\/01\/25\/lobo-atacou-na-freguesia-de-coura-seis-ovelhas-mortas\/#breadcrumb","itemListElement":[{"@type":"ListItem","position":1,"name":"In\u00edcio","item":"https:\/\/www.altominho.tv\/site\/"},{"@type":"ListItem","position":2,"name":"Lobo atacou na freguesia de Coura: seis ovelhas mortas"}]},{"@type":"WebSite","@id":"https:\/\/www.altominho.tv\/site\/#website","url":"https:\/\/www.altominho.tv\/site\/","name":"Altominho.tv","description":"A sua regi\u00e3o \u00e0 dist\u00e2ncia de um clique...","potentialAction":[{"@type":"SearchAction","target":{"@type":"EntryPoint","urlTemplate":"https:\/\/www.altominho.tv\/site\/?s={search_term_string}"},"query-input":{"@type":"PropertyValueSpecification","valueRequired":true,"valueName":"search_term_string"}}],"inLanguage":"pt-PT"},{"@type":"Person","@id":"https:\/\/www.altominho.tv\/site\/#\/schema\/person\/4e536851627d7914baf3dac752b6af22","name":"Altominho.tv","image":{"@type":"ImageObject","inLanguage":"pt-PT","@id":"https:\/\/www.altominho.tv\/site\/wp-content\/uploads\/2019\/11\/Logo_Avatar_2-150x150.jpg","url":"https:\/\/www.altominho.tv\/site\/wp-content\/uploads\/2019\/11\/Logo_Avatar_2-150x150.jpg","contentUrl":"https:\/\/www.altominho.tv\/site\/wp-content\/uploads\/2019\/11\/Logo_Avatar_2-150x150.jpg","caption":"Altominho.tv"},"url":"https:\/\/www.altominho.tv\/site\/author\/altominhotv-tecnico\/"}]}},"_links":{"self":[{"href":"https:\/\/www.altominho.tv\/site\/wp-json\/wp\/v2\/posts\/103897","targetHints":{"allow":["GET"]}}],"collection":[{"href":"https:\/\/www.altominho.tv\/site\/wp-json\/wp\/v2\/posts"}],"about":[{"href":"https:\/\/www.altominho.tv\/site\/wp-json\/wp\/v2\/types\/post"}],"author":[{"embeddable":true,"href":"https:\/\/www.altominho.tv\/site\/wp-json\/wp\/v2\/users\/1"}],"replies":[{"embeddable":true,"href":"https:\/\/www.altominho.tv\/site\/wp-json\/wp\/v2\/comments?post=103897"}],"version-history":[{"count":1,"href":"https:\/\/www.altominho.tv\/site\/wp-json\/wp\/v2\/posts\/103897\/revisions"}],"predecessor-version":[{"id":103902,"href":"https:\/\/www.altominho.tv\/site\/wp-json\/wp\/v2\/posts\/103897\/revisions\/103902"}],"wp:featuredmedia":[{"embeddable":true,"href":"https:\/\/www.altominho.tv\/site\/wp-json\/wp\/v2\/media\/103901"}],"wp:attachment":[{"href":"https:\/\/www.altominho.tv\/site\/wp-json\/wp\/v2\/media?parent=103897"}],"wp:term":[{"taxonomy":"category","embeddable":true,"href":"https:\/\/www.altominho.tv\/site\/wp-json\/wp\/v2\/categories?post=103897"},{"taxonomy":"post_tag","embeddable":true,"href":"https:\/\/www.altominho.tv\/site\/wp-json\/wp\/v2\/tags?post=103897"}],"curies":[{"name":"wp","href":"https:\/\/api.w.org\/{rel}","templated":true}]}}