{"id":10388,"date":"2018-03-06T09:26:08","date_gmt":"2018-03-06T09:26:08","guid":{"rendered":"http:\/\/www.altominho.tv\/site\/?p=10388"},"modified":"2018-03-06T09:26:08","modified_gmt":"2018-03-06T09:26:08","slug":"ii-edicao-da-feira-da-foda-marcada-para-o-proximo-fim-de-semana","status":"publish","type":"post","link":"https:\/\/www.altominho.tv\/site\/2018\/03\/06\/ii-edicao-da-feira-da-foda-marcada-para-o-proximo-fim-de-semana\/","title":{"rendered":"II edi\u00e7\u00e3o da Feira da Foda marcada para o pr\u00f3ximo fim de semana"},"content":{"rendered":"<p style=\"font-weight: 400\">A freguesia de Pias, em Mon\u00e7\u00e3o, \u00e9 palco nos dias 9, 10 e 11 da segunda edi\u00e7\u00e3o da Feira da Foda, depois de uma primeira edi\u00e7\u00e3o &#8220;bem-sucedida&#8221;.<\/p>\n<p style=\"font-weight: 400\">O programa reserva degusta\u00e7\u00e3o do Cordeiro \u00e0 Moda de Mon\u00e7\u00e3o, conhecido como \u201cFoda \u00e0 Mon\u00e7\u00e3o\u201d, expositores com vinhos da regi\u00e3o e artesanato regional, bem como espa\u00e7os para os produtores de r\u00e9s e m\u00e1quinas agr\u00edcolas. Est\u00e1 ainda prevista uma apresenta\u00e7\u00e3o de pe\u00e7a de teatro, demonstra\u00e7\u00e3o de tosquias e muita anima\u00e7\u00e3o popular com ranchos folcl\u00f3ricos, grupos de bombos e concertinas.<\/p>\n<p style=\"font-weight: 400\">Iniciando-se no dia 9, sexta-feira, pelas 18h30, com atua\u00e7\u00e3o da rusga \u201cCantares da Ribeira\u201d, a cerim\u00f3nia oficial de inaugura\u00e7\u00e3o da II Feira da Foda realiza-se no dia 10, s\u00e1bado, pelas 11h15. O encerramento tem lugar no dia 11, domingo, pelas 18h00, com atua\u00e7\u00e3o do \u201cSons do Minho\u201d, grupo que celebrizou o tema \u201cVamos \u00e0 Foda&#8221;.<\/p>\n<p style=\"font-weight: 400\">No domingo, pelas 16h30, decorre o II cap\u00edtulo de entroniza\u00e7\u00e3o da Confraria da Foda. A atriz Mel\u00e2nia Gomes, que atualmente integra o elenco da telenovela \u201cA Herdeira\u201d, emitida pela TVI, \u00e9 uma das entronizadas de honra juntamente com Elsa Machado, da Dire\u00e7\u00e3o de Servi\u00e7os de Alimenta\u00e7\u00e3o e Veterin\u00e1ria da Regi\u00e3o Norte (DSAVRN), e a Associa\u00e7\u00e3o Humanit\u00e1ria dos Bombeiros Volunt\u00e1rios de Mon\u00e7\u00e3o.<\/p>\n<p style=\"font-weight: 400\">Assumindo a promo\u00e7\u00e3o dos recursos end\u00f3genos e diferenciadores do concelho como uma das estrat\u00e9gias do executivo mon\u00e7anense, este certame gastron\u00f3mico tem como finalidade a manuten\u00e7\u00e3o da qualidade e a garantia da genuinidade deste prato com hist\u00f3ria e tradi\u00e7\u00e3o no concelho de Mon\u00e7\u00e3o.<\/p>\n<p style=\"font-weight: 400\">Inicialmente associado ao consumo familiar em dias festivos, o Cordeiro \u00e0 Moda de Mon\u00e7\u00e3o, de arroz pingado e com nome ousado \u201cFoda \u00e0 Mon\u00e7\u00e3o\u201d, tornou-se, desde h\u00e1 v\u00e1rios anos, uma refer\u00eancia na gastronomia mon\u00e7anense. O processo de certifica\u00e7\u00e3o, em fase final, garantir\u00e1 a qualidade e autenticidade deste prato obrigat\u00f3rio no roteiro gastron\u00f3mico local.<\/p>\n","protected":false},"excerpt":{"rendered":"<p>A freguesia de Pias, em Mon\u00e7\u00e3o, \u00e9 palco nos dias 9, 10 e 11 da segunda edi\u00e7\u00e3o da Feira da Foda, depois de uma primeira edi\u00e7\u00e3o &#8220;bem-sucedida&#8221;. O programa reserva degusta\u00e7\u00e3o do Cordeiro \u00e0 Moda de Mon\u00e7\u00e3o, conhecido como \u201cFoda \u00e0 Mon\u00e7\u00e3o\u201d, expositores com vinhos da regi\u00e3o e artesanato regional, bem como espa\u00e7os para os [&hellip;]<\/p>\n","protected":false},"author":6,"featured_media":10389,"comment_status":"closed","ping_status":"closed","sticky":false,"template":"","format":"standard","meta":{"_exactmetrics_skip_tracking":false,"footnotes":""},"categories":[9],"tags":[24],"class_list":["post-10388","post","type-post","status-publish","format-standard","has-post-thumbnail","hentry","category-moncao","tag-lazer"],"yoast_head":"<!-- This site is optimized with the Yoast SEO Premium plugin v28.3 (Yoast SEO v28.3) - https:\/\/yoast.com\/product\/yoast-seo-premium-wordpress\/ -->\n<title>II edi\u00e7\u00e3o da Feira da Foda marcada para o pr\u00f3ximo fim de semana<\/title>\n<meta name=\"robots\" content=\"index, follow, max-snippet:-1, max-image-preview:large, max-video-preview:-1\" \/>\n<link rel=\"canonical\" href=\"https:\/\/www.altominho.tv\/site\/2018\/03\/06\/ii-edicao-da-feira-da-foda-marcada-para-o-proximo-fim-de-semana\/\" \/>\n<meta property=\"og:locale\" content=\"pt_PT\" \/>\n<meta property=\"og:type\" content=\"article\" \/>\n<meta property=\"og:title\" content=\"II edi\u00e7\u00e3o da Feira da Foda marcada para o pr\u00f3ximo fim de semana\" \/>\n<meta property=\"og:description\" content=\"A freguesia de Pias, em Mon\u00e7\u00e3o, \u00e9 palco nos dias 9, 10 e 11 da segunda edi\u00e7\u00e3o da Feira da Foda, depois de uma primeira edi\u00e7\u00e3o &#8220;bem-sucedida&#8221;. O programa reserva degusta\u00e7\u00e3o do Cordeiro \u00e0 Moda de Mon\u00e7\u00e3o, conhecido como \u201cFoda \u00e0 Mon\u00e7\u00e3o\u201d, expositores com vinhos da regi\u00e3o e artesanato regional, bem como espa\u00e7os para os [&hellip;]\" \/>\n<meta property=\"og:url\" content=\"https:\/\/www.altominho.tv\/site\/2018\/03\/06\/ii-edicao-da-feira-da-foda-marcada-para-o-proximo-fim-de-semana\/\" \/>\n<meta property=\"og:site_name\" content=\"Altominho.tv\" \/>\n<meta property=\"article:publisher\" content=\"https:\/\/www.facebook.com\/altominhotv\" \/>\n<meta property=\"article:published_time\" content=\"2018-03-06T09:26:08+00:00\" \/>\n<meta property=\"og:image\" content=\"https:\/\/www.altominho.tv\/site\/wp-content\/uploads\/2018\/03\/ferir.jpg\" \/>\n\t<meta property=\"og:image:width\" content=\"1024\" \/>\n\t<meta property=\"og:image:height\" content=\"683\" \/>\n\t<meta property=\"og:image:type\" content=\"image\/jpeg\" \/>\n<meta name=\"author\" content=\"C\u00e1tia Malheiro\" \/>\n<meta name=\"twitter:card\" content=\"summary_large_image\" \/>\n<meta name=\"twitter:creator\" content=\"@altominhoTV\" \/>\n<meta name=\"twitter:site\" content=\"@altominhoTV\" \/>\n<meta name=\"twitter:label1\" content=\"Escrito por\" \/>\n\t<meta name=\"twitter:data1\" content=\"C\u00e1tia Malheiro\" \/>\n\t<meta name=\"twitter:label2\" content=\"Tempo estimado de leitura\" \/>\n\t<meta name=\"twitter:data2\" content=\"2 minutos\" \/>\n<script type=\"application\/ld+json\" class=\"yoast-schema-graph\">{\"@context\":\"https:\\\/\\\/schema.org\",\"@graph\":[{\"@type\":\"Article\",\"@id\":\"https:\\\/\\\/www.altominho.tv\\\/site\\\/2018\\\/03\\\/06\\\/ii-edicao-da-feira-da-foda-marcada-para-o-proximo-fim-de-semana\\\/#article\",\"isPartOf\":{\"@id\":\"https:\\\/\\\/www.altominho.tv\\\/site\\\/2018\\\/03\\\/06\\\/ii-edicao-da-feira-da-foda-marcada-para-o-proximo-fim-de-semana\\\/\"},\"author\":{\"name\":\"C\u00e1tia Malheiro\",\"@id\":\"https:\\\/\\\/www.altominho.tv\\\/site\\\/#\\\/schema\\\/person\\\/5c9404a8b438614c93da6ca09db92574\"},\"headline\":\"II edi\u00e7\u00e3o da Feira da Foda marcada para o pr\u00f3ximo fim de semana\",\"datePublished\":\"2018-03-06T09:26:08+00:00\",\"mainEntityOfPage\":{\"@id\":\"https:\\\/\\\/www.altominho.tv\\\/site\\\/2018\\\/03\\\/06\\\/ii-edicao-da-feira-da-foda-marcada-para-o-proximo-fim-de-semana\\\/\"},\"wordCount\":348,\"image\":{\"@id\":\"https:\\\/\\\/www.altominho.tv\\\/site\\\/2018\\\/03\\\/06\\\/ii-edicao-da-feira-da-foda-marcada-para-o-proximo-fim-de-semana\\\/#primaryimage\"},\"thumbnailUrl\":\"https:\\\/\\\/www.altominho.tv\\\/site\\\/wp-content\\\/uploads\\\/2018\\\/03\\\/ferir.jpg\",\"keywords\":[\"Lazer\"],\"articleSection\":[\"Mon\u00e7\u00e3o\"],\"inLanguage\":\"pt-PT\",\"copyrightYear\":\"2018\",\"copyrightHolder\":{\"@id\":\"https:\\\/\\\/www.altominho.tv\\\/site\\\/#organization\"}},{\"@type\":\"WebPage\",\"@id\":\"https:\\\/\\\/www.altominho.tv\\\/site\\\/2018\\\/03\\\/06\\\/ii-edicao-da-feira-da-foda-marcada-para-o-proximo-fim-de-semana\\\/\",\"url\":\"https:\\\/\\\/www.altominho.tv\\\/site\\\/2018\\\/03\\\/06\\\/ii-edicao-da-feira-da-foda-marcada-para-o-proximo-fim-de-semana\\\/\",\"name\":\"II edi\u00e7\u00e3o da Feira da Foda marcada para o pr\u00f3ximo fim de semana\",\"isPartOf\":{\"@id\":\"https:\\\/\\\/www.altominho.tv\\\/site\\\/#website\"},\"primaryImageOfPage\":{\"@id\":\"https:\\\/\\\/www.altominho.tv\\\/site\\\/2018\\\/03\\\/06\\\/ii-edicao-da-feira-da-foda-marcada-para-o-proximo-fim-de-semana\\\/#primaryimage\"},\"image\":{\"@id\":\"https:\\\/\\\/www.altominho.tv\\\/site\\\/2018\\\/03\\\/06\\\/ii-edicao-da-feira-da-foda-marcada-para-o-proximo-fim-de-semana\\\/#primaryimage\"},\"thumbnailUrl\":\"https:\\\/\\\/www.altominho.tv\\\/site\\\/wp-content\\\/uploads\\\/2018\\\/03\\\/ferir.jpg\",\"datePublished\":\"2018-03-06T09:26:08+00:00\",\"author\":{\"@id\":\"https:\\\/\\\/www.altominho.tv\\\/site\\\/#\\\/schema\\\/person\\\/5c9404a8b438614c93da6ca09db92574\"},\"breadcrumb\":{\"@id\":\"https:\\\/\\\/www.altominho.tv\\\/site\\\/2018\\\/03\\\/06\\\/ii-edicao-da-feira-da-foda-marcada-para-o-proximo-fim-de-semana\\\/#breadcrumb\"},\"inLanguage\":\"pt-PT\",\"potentialAction\":[{\"@type\":\"ReadAction\",\"target\":[\"https:\\\/\\\/www.altominho.tv\\\/site\\\/2018\\\/03\\\/06\\\/ii-edicao-da-feira-da-foda-marcada-para-o-proximo-fim-de-semana\\\/\"]}]},{\"@type\":\"ImageObject\",\"inLanguage\":\"pt-PT\",\"@id\":\"https:\\\/\\\/www.altominho.tv\\\/site\\\/2018\\\/03\\\/06\\\/ii-edicao-da-feira-da-foda-marcada-para-o-proximo-fim-de-semana\\\/#primaryimage\",\"url\":\"https:\\\/\\\/www.altominho.tv\\\/site\\\/wp-content\\\/uploads\\\/2018\\\/03\\\/ferir.jpg\",\"contentUrl\":\"https:\\\/\\\/www.altominho.tv\\\/site\\\/wp-content\\\/uploads\\\/2018\\\/03\\\/ferir.jpg\",\"width\":1024,\"height\":683},{\"@type\":\"BreadcrumbList\",\"@id\":\"https:\\\/\\\/www.altominho.tv\\\/site\\\/2018\\\/03\\\/06\\\/ii-edicao-da-feira-da-foda-marcada-para-o-proximo-fim-de-semana\\\/#breadcrumb\",\"itemListElement\":[{\"@type\":\"ListItem\",\"position\":1,\"name\":\"In\u00edcio\",\"item\":\"https:\\\/\\\/www.altominho.tv\\\/site\\\/\"},{\"@type\":\"ListItem\",\"position\":2,\"name\":\"II edi\u00e7\u00e3o da Feira da Foda marcada para o pr\u00f3ximo fim de semana\"}]},{\"@type\":\"WebSite\",\"@id\":\"https:\\\/\\\/www.altominho.tv\\\/site\\\/#website\",\"url\":\"https:\\\/\\\/www.altominho.tv\\\/site\\\/\",\"name\":\"Altominho.tv\",\"description\":\"A sua regi\u00e3o \u00e0 dist\u00e2ncia de um clique...\",\"potentialAction\":[{\"@type\":\"SearchAction\",\"target\":{\"@type\":\"EntryPoint\",\"urlTemplate\":\"https:\\\/\\\/www.altominho.tv\\\/site\\\/?s={search_term_string}\"},\"query-input\":{\"@type\":\"PropertyValueSpecification\",\"valueRequired\":true,\"valueName\":\"search_term_string\"}}],\"inLanguage\":\"pt-PT\"},{\"@type\":\"Person\",\"@id\":\"https:\\\/\\\/www.altominho.tv\\\/site\\\/#\\\/schema\\\/person\\\/5c9404a8b438614c93da6ca09db92574\",\"name\":\"C\u00e1tia Malheiro\",\"image\":{\"@type\":\"ImageObject\",\"inLanguage\":\"pt-PT\",\"@id\":\"https:\\\/\\\/www.altominho.tv\\\/site\\\/wp-content\\\/uploads\\\/2017\\\/11\\\/Catia_Malheiro-150x150.jpg\",\"url\":\"https:\\\/\\\/www.altominho.tv\\\/site\\\/wp-content\\\/uploads\\\/2017\\\/11\\\/Catia_Malheiro-150x150.jpg\",\"contentUrl\":\"https:\\\/\\\/www.altominho.tv\\\/site\\\/wp-content\\\/uploads\\\/2017\\\/11\\\/Catia_Malheiro-150x150.jpg\",\"caption\":\"C\u00e1tia Malheiro\"},\"url\":\"https:\\\/\\\/www.altominho.tv\\\/site\\\/author\\\/catiamalheiro\\\/\"}]}<\/script>\n<!-- \/ Yoast SEO Premium plugin. -->","yoast_head_json":{"title":"II edi\u00e7\u00e3o da Feira da Foda marcada para o pr\u00f3ximo fim de semana","robots":{"index":"index","follow":"follow","max-snippet":"max-snippet:-1","max-image-preview":"max-image-preview:large","max-video-preview":"max-video-preview:-1"},"canonical":"https:\/\/www.altominho.tv\/site\/2018\/03\/06\/ii-edicao-da-feira-da-foda-marcada-para-o-proximo-fim-de-semana\/","og_locale":"pt_PT","og_type":"article","og_title":"II edi\u00e7\u00e3o da Feira da Foda marcada para o pr\u00f3ximo fim de semana","og_description":"A freguesia de Pias, em Mon\u00e7\u00e3o, \u00e9 palco nos dias 9, 10 e 11 da segunda edi\u00e7\u00e3o da Feira da Foda, depois de uma primeira edi\u00e7\u00e3o &#8220;bem-sucedida&#8221;. O programa reserva degusta\u00e7\u00e3o do Cordeiro \u00e0 Moda de Mon\u00e7\u00e3o, conhecido como \u201cFoda \u00e0 Mon\u00e7\u00e3o\u201d, expositores com vinhos da regi\u00e3o e artesanato regional, bem como espa\u00e7os para os [&hellip;]","og_url":"https:\/\/www.altominho.tv\/site\/2018\/03\/06\/ii-edicao-da-feira-da-foda-marcada-para-o-proximo-fim-de-semana\/","og_site_name":"Altominho.tv","article_publisher":"https:\/\/www.facebook.com\/altominhotv","article_published_time":"2018-03-06T09:26:08+00:00","og_image":[{"width":1024,"height":683,"url":"https:\/\/www.altominho.tv\/site\/wp-content\/uploads\/2018\/03\/ferir.jpg","type":"image\/jpeg"}],"author":"C\u00e1tia Malheiro","twitter_card":"summary_large_image","twitter_creator":"@altominhoTV","twitter_site":"@altominhoTV","twitter_misc":{"Escrito por":"C\u00e1tia Malheiro","Tempo estimado de leitura":"2 minutos"},"schema":{"@context":"https:\/\/schema.org","@graph":[{"@type":"Article","@id":"https:\/\/www.altominho.tv\/site\/2018\/03\/06\/ii-edicao-da-feira-da-foda-marcada-para-o-proximo-fim-de-semana\/#article","isPartOf":{"@id":"https:\/\/www.altominho.tv\/site\/2018\/03\/06\/ii-edicao-da-feira-da-foda-marcada-para-o-proximo-fim-de-semana\/"},"author":{"name":"C\u00e1tia Malheiro","@id":"https:\/\/www.altominho.tv\/site\/#\/schema\/person\/5c9404a8b438614c93da6ca09db92574"},"headline":"II edi\u00e7\u00e3o da Feira da Foda marcada para o pr\u00f3ximo fim de semana","datePublished":"2018-03-06T09:26:08+00:00","mainEntityOfPage":{"@id":"https:\/\/www.altominho.tv\/site\/2018\/03\/06\/ii-edicao-da-feira-da-foda-marcada-para-o-proximo-fim-de-semana\/"},"wordCount":348,"image":{"@id":"https:\/\/www.altominho.tv\/site\/2018\/03\/06\/ii-edicao-da-feira-da-foda-marcada-para-o-proximo-fim-de-semana\/#primaryimage"},"thumbnailUrl":"https:\/\/www.altominho.tv\/site\/wp-content\/uploads\/2018\/03\/ferir.jpg","keywords":["Lazer"],"articleSection":["Mon\u00e7\u00e3o"],"inLanguage":"pt-PT","copyrightYear":"2018","copyrightHolder":{"@id":"https:\/\/www.altominho.tv\/site\/#organization"}},{"@type":"WebPage","@id":"https:\/\/www.altominho.tv\/site\/2018\/03\/06\/ii-edicao-da-feira-da-foda-marcada-para-o-proximo-fim-de-semana\/","url":"https:\/\/www.altominho.tv\/site\/2018\/03\/06\/ii-edicao-da-feira-da-foda-marcada-para-o-proximo-fim-de-semana\/","name":"II edi\u00e7\u00e3o da Feira da Foda marcada para o pr\u00f3ximo fim de semana","isPartOf":{"@id":"https:\/\/www.altominho.tv\/site\/#website"},"primaryImageOfPage":{"@id":"https:\/\/www.altominho.tv\/site\/2018\/03\/06\/ii-edicao-da-feira-da-foda-marcada-para-o-proximo-fim-de-semana\/#primaryimage"},"image":{"@id":"https:\/\/www.altominho.tv\/site\/2018\/03\/06\/ii-edicao-da-feira-da-foda-marcada-para-o-proximo-fim-de-semana\/#primaryimage"},"thumbnailUrl":"https:\/\/www.altominho.tv\/site\/wp-content\/uploads\/2018\/03\/ferir.jpg","datePublished":"2018-03-06T09:26:08+00:00","author":{"@id":"https:\/\/www.altominho.tv\/site\/#\/schema\/person\/5c9404a8b438614c93da6ca09db92574"},"breadcrumb":{"@id":"https:\/\/www.altominho.tv\/site\/2018\/03\/06\/ii-edicao-da-feira-da-foda-marcada-para-o-proximo-fim-de-semana\/#breadcrumb"},"inLanguage":"pt-PT","potentialAction":[{"@type":"ReadAction","target":["https:\/\/www.altominho.tv\/site\/2018\/03\/06\/ii-edicao-da-feira-da-foda-marcada-para-o-proximo-fim-de-semana\/"]}]},{"@type":"ImageObject","inLanguage":"pt-PT","@id":"https:\/\/www.altominho.tv\/site\/2018\/03\/06\/ii-edicao-da-feira-da-foda-marcada-para-o-proximo-fim-de-semana\/#primaryimage","url":"https:\/\/www.altominho.tv\/site\/wp-content\/uploads\/2018\/03\/ferir.jpg","contentUrl":"https:\/\/www.altominho.tv\/site\/wp-content\/uploads\/2018\/03\/ferir.jpg","width":1024,"height":683},{"@type":"BreadcrumbList","@id":"https:\/\/www.altominho.tv\/site\/2018\/03\/06\/ii-edicao-da-feira-da-foda-marcada-para-o-proximo-fim-de-semana\/#breadcrumb","itemListElement":[{"@type":"ListItem","position":1,"name":"In\u00edcio","item":"https:\/\/www.altominho.tv\/site\/"},{"@type":"ListItem","position":2,"name":"II edi\u00e7\u00e3o da Feira da Foda marcada para o pr\u00f3ximo fim de semana"}]},{"@type":"WebSite","@id":"https:\/\/www.altominho.tv\/site\/#website","url":"https:\/\/www.altominho.tv\/site\/","name":"Altominho.tv","description":"A sua regi\u00e3o \u00e0 dist\u00e2ncia de um clique...","potentialAction":[{"@type":"SearchAction","target":{"@type":"EntryPoint","urlTemplate":"https:\/\/www.altominho.tv\/site\/?s={search_term_string}"},"query-input":{"@type":"PropertyValueSpecification","valueRequired":true,"valueName":"search_term_string"}}],"inLanguage":"pt-PT"},{"@type":"Person","@id":"https:\/\/www.altominho.tv\/site\/#\/schema\/person\/5c9404a8b438614c93da6ca09db92574","name":"C\u00e1tia Malheiro","image":{"@type":"ImageObject","inLanguage":"pt-PT","@id":"https:\/\/www.altominho.tv\/site\/wp-content\/uploads\/2017\/11\/Catia_Malheiro-150x150.jpg","url":"https:\/\/www.altominho.tv\/site\/wp-content\/uploads\/2017\/11\/Catia_Malheiro-150x150.jpg","contentUrl":"https:\/\/www.altominho.tv\/site\/wp-content\/uploads\/2017\/11\/Catia_Malheiro-150x150.jpg","caption":"C\u00e1tia Malheiro"},"url":"https:\/\/www.altominho.tv\/site\/author\/catiamalheiro\/"}]}},"_links":{"self":[{"href":"https:\/\/www.altominho.tv\/site\/wp-json\/wp\/v2\/posts\/10388","targetHints":{"allow":["GET"]}}],"collection":[{"href":"https:\/\/www.altominho.tv\/site\/wp-json\/wp\/v2\/posts"}],"about":[{"href":"https:\/\/www.altominho.tv\/site\/wp-json\/wp\/v2\/types\/post"}],"author":[{"embeddable":true,"href":"https:\/\/www.altominho.tv\/site\/wp-json\/wp\/v2\/users\/6"}],"replies":[{"embeddable":true,"href":"https:\/\/www.altominho.tv\/site\/wp-json\/wp\/v2\/comments?post=10388"}],"version-history":[{"count":0,"href":"https:\/\/www.altominho.tv\/site\/wp-json\/wp\/v2\/posts\/10388\/revisions"}],"wp:featuredmedia":[{"embeddable":true,"href":"https:\/\/www.altominho.tv\/site\/wp-json\/wp\/v2\/media\/10389"}],"wp:attachment":[{"href":"https:\/\/www.altominho.tv\/site\/wp-json\/wp\/v2\/media?parent=10388"}],"wp:term":[{"taxonomy":"category","embeddable":true,"href":"https:\/\/www.altominho.tv\/site\/wp-json\/wp\/v2\/categories?post=10388"},{"taxonomy":"post_tag","embeddable":true,"href":"https:\/\/www.altominho.tv\/site\/wp-json\/wp\/v2\/tags?post=10388"}],"curies":[{"name":"wp","href":"https:\/\/api.w.org\/{rel}","templated":true}]}}