{"id":103808,"date":"2024-01-23T11:37:12","date_gmt":"2024-01-23T11:37:12","guid":{"rendered":"https:\/\/www.altominho.tv\/site\/?p=103808"},"modified":"2024-01-23T11:39:27","modified_gmt":"2024-01-23T11:39:27","slug":"valter-lobo-sobe-ao-palco-a-9-de-fevereiro","status":"publish","type":"post","link":"https:\/\/www.altominho.tv\/site\/2024\/01\/23\/valter-lobo-sobe-ao-palco-a-9-de-fevereiro\/","title":{"rendered":"Valter Lobo sobe ao palco a 9 de fevereiro"},"content":{"rendered":"<p>O Centro Cultural de Paredes de Coura vai receber, a 9 de fevereiro, pelas 21h30, um concerto de Valter Lobo.<\/p>\n<p class=\"p1\">Valter Lobo vem confirmar um trajeto seguro que come\u00e7ou a desenhar-se em 2013 com \u2018Inverno\u2019 e se tem consolidado desde 2016 com o seu primeiro \u00e1lbum, \u2018Mediterr\u00e2neo\u2019.<\/p>\n<p class=\"p1\">\u2018Mediterr\u00e2neo\u2019 \u00e9 j\u00e1 um \u00e1lbum de culto no que toca \u00e0 escrita de can\u00e7\u00f5es em portugu\u00eas por artistas independentes e, nos seus concertos, Valter Lobo pretende partilhar as experi\u00eancias pessoais em palco e tornar cada espet\u00e1culo num verdadeiro encontro onde h\u00e1 lugar a toda uma performance, di\u00e1logo e medita\u00e7\u00e3o.<\/p>\n<p class=\"p1\">\u2018Primeira Parte de um Assalto\u2019, de 2022, \u00e9 o passo seguinte na j\u00e1 entusiasmante e prometedora carreira de Valter Lobo, projetando uma viagem imersiva por can\u00e7\u00f5es repletas de emo\u00e7\u00e3o. Nestes nove temas, o cantautor exp\u00f5e-se a outro n\u00edvel e isso sente-se em cada frase, notando-se todo um cuidado em fazer passar mensagens para os ouvintes, com quem mant\u00e9m uma liga\u00e7\u00e3o de extrema proximidade.<\/p>\n","protected":false},"excerpt":{"rendered":"<p>O Centro Cultural de Paredes de Coura vai receber, a 9 de fevereiro, pelas 21h30, um concerto de Valter Lobo. Valter Lobo vem confirmar um trajeto seguro que come\u00e7ou a desenhar-se em 2013 com \u2018Inverno\u2019 e se tem consolidado desde 2016 com o seu primeiro \u00e1lbum, \u2018Mediterr\u00e2neo\u2019. \u2018Mediterr\u00e2neo\u2019 \u00e9 j\u00e1 um \u00e1lbum de culto no [&hellip;]<\/p>\n","protected":false},"author":1,"featured_media":103811,"comment_status":"closed","ping_status":"closed","sticky":false,"template":"","format":"standard","meta":{"_exactmetrics_skip_tracking":false,"_exactmetrics_sitenote_active":false,"_exactmetrics_sitenote_note":"","_exactmetrics_sitenote_category":0,"footnotes":""},"categories":[10],"tags":[],"class_list":["post-103808","post","type-post","status-publish","format-standard","has-post-thumbnail","hentry","category-paredes-de-coura"],"yoast_head":"<!-- This site is optimized with the Yoast SEO Premium plugin v27.4 (Yoast SEO v27.4) - https:\/\/yoast.com\/product\/yoast-seo-premium-wordpress\/ -->\n<title>Valter Lobo sobe ao palco a 9 de fevereiro<\/title>\n<meta name=\"description\" content=\"O Centro Cultural de Paredes de Coura vai receber, a 9 de fevereiro, pelas 21h30, um concerto de Valter Lobo.\" \/>\n<meta name=\"robots\" content=\"index, follow, max-snippet:-1, max-image-preview:large, max-video-preview:-1\" \/>\n<link rel=\"canonical\" href=\"https:\/\/www.altominho.tv\/site\/2024\/01\/23\/valter-lobo-sobe-ao-palco-a-9-de-fevereiro\/\" \/>\n<meta property=\"og:locale\" content=\"pt_PT\" \/>\n<meta property=\"og:type\" content=\"article\" \/>\n<meta property=\"og:title\" content=\"Valter Lobo sobe ao palco a 9 de fevereiro\" \/>\n<meta property=\"og:description\" content=\"O Centro Cultural de Paredes de Coura vai receber, a 9 de fevereiro, pelas 21h30, um concerto de Valter Lobo.\" \/>\n<meta property=\"og:url\" content=\"https:\/\/www.altominho.tv\/site\/2024\/01\/23\/valter-lobo-sobe-ao-palco-a-9-de-fevereiro\/\" \/>\n<meta property=\"og:site_name\" content=\"Altominho.tv\" \/>\n<meta property=\"article:publisher\" content=\"https:\/\/www.facebook.com\/altominhotv\" \/>\n<meta property=\"article:published_time\" content=\"2024-01-23T11:37:12+00:00\" \/>\n<meta property=\"article:modified_time\" content=\"2024-01-23T11:39:27+00:00\" \/>\n<meta property=\"og:image\" content=\"https:\/\/www.altominho.tv\/site\/wp-content\/uploads\/2024\/01\/Valter-Lobo-e1706009960843.jpeg\" \/>\n\t<meta property=\"og:image:width\" content=\"2048\" \/>\n\t<meta property=\"og:image:height\" content=\"1153\" \/>\n\t<meta property=\"og:image:type\" content=\"image\/jpeg\" \/>\n<meta name=\"author\" content=\"Altominho.tv\" \/>\n<meta name=\"twitter:card\" content=\"summary_large_image\" \/>\n<meta name=\"twitter:creator\" content=\"@altominhoTV\" \/>\n<meta name=\"twitter:site\" content=\"@altominhoTV\" \/>\n<meta name=\"twitter:label1\" content=\"Escrito por\" \/>\n\t<meta name=\"twitter:data1\" content=\"Altominho.tv\" \/>\n\t<meta name=\"twitter:label2\" content=\"Tempo estimado de leitura\" \/>\n\t<meta name=\"twitter:data2\" content=\"2 minutos\" \/>\n<script type=\"application\/ld+json\" class=\"yoast-schema-graph\">{\"@context\":\"https:\\\/\\\/schema.org\",\"@graph\":[{\"@type\":\"Article\",\"@id\":\"https:\\\/\\\/www.altominho.tv\\\/site\\\/2024\\\/01\\\/23\\\/valter-lobo-sobe-ao-palco-a-9-de-fevereiro\\\/#article\",\"isPartOf\":{\"@id\":\"https:\\\/\\\/www.altominho.tv\\\/site\\\/2024\\\/01\\\/23\\\/valter-lobo-sobe-ao-palco-a-9-de-fevereiro\\\/\"},\"author\":{\"name\":\"Altominho.tv\",\"@id\":\"https:\\\/\\\/www.altominho.tv\\\/site\\\/#\\\/schema\\\/person\\\/4e536851627d7914baf3dac752b6af22\"},\"headline\":\"Valter Lobo sobe ao palco a 9 de fevereiro\",\"datePublished\":\"2024-01-23T11:37:12+00:00\",\"dateModified\":\"2024-01-23T11:39:27+00:00\",\"mainEntityOfPage\":{\"@id\":\"https:\\\/\\\/www.altominho.tv\\\/site\\\/2024\\\/01\\\/23\\\/valter-lobo-sobe-ao-palco-a-9-de-fevereiro\\\/\"},\"wordCount\":175,\"image\":{\"@id\":\"https:\\\/\\\/www.altominho.tv\\\/site\\\/2024\\\/01\\\/23\\\/valter-lobo-sobe-ao-palco-a-9-de-fevereiro\\\/#primaryimage\"},\"thumbnailUrl\":\"https:\\\/\\\/www.altominho.tv\\\/site\\\/wp-content\\\/uploads\\\/2024\\\/01\\\/Valter-Lobo-e1706009960843.jpeg\",\"articleSection\":[\"Paredes de Coura\"],\"inLanguage\":\"pt-PT\",\"copyrightYear\":\"2024\",\"copyrightHolder\":{\"@id\":\"https:\\\/\\\/www.altominho.tv\\\/site\\\/#organization\"}},{\"@type\":\"WebPage\",\"@id\":\"https:\\\/\\\/www.altominho.tv\\\/site\\\/2024\\\/01\\\/23\\\/valter-lobo-sobe-ao-palco-a-9-de-fevereiro\\\/\",\"url\":\"https:\\\/\\\/www.altominho.tv\\\/site\\\/2024\\\/01\\\/23\\\/valter-lobo-sobe-ao-palco-a-9-de-fevereiro\\\/\",\"name\":\"Valter Lobo sobe ao palco a 9 de fevereiro\",\"isPartOf\":{\"@id\":\"https:\\\/\\\/www.altominho.tv\\\/site\\\/#website\"},\"primaryImageOfPage\":{\"@id\":\"https:\\\/\\\/www.altominho.tv\\\/site\\\/2024\\\/01\\\/23\\\/valter-lobo-sobe-ao-palco-a-9-de-fevereiro\\\/#primaryimage\"},\"image\":{\"@id\":\"https:\\\/\\\/www.altominho.tv\\\/site\\\/2024\\\/01\\\/23\\\/valter-lobo-sobe-ao-palco-a-9-de-fevereiro\\\/#primaryimage\"},\"thumbnailUrl\":\"https:\\\/\\\/www.altominho.tv\\\/site\\\/wp-content\\\/uploads\\\/2024\\\/01\\\/Valter-Lobo-e1706009960843.jpeg\",\"datePublished\":\"2024-01-23T11:37:12+00:00\",\"dateModified\":\"2024-01-23T11:39:27+00:00\",\"author\":{\"@id\":\"https:\\\/\\\/www.altominho.tv\\\/site\\\/#\\\/schema\\\/person\\\/4e536851627d7914baf3dac752b6af22\"},\"description\":\"O Centro Cultural de Paredes de Coura vai receber, a 9 de fevereiro, pelas 21h30, um concerto de Valter Lobo.\",\"breadcrumb\":{\"@id\":\"https:\\\/\\\/www.altominho.tv\\\/site\\\/2024\\\/01\\\/23\\\/valter-lobo-sobe-ao-palco-a-9-de-fevereiro\\\/#breadcrumb\"},\"inLanguage\":\"pt-PT\",\"potentialAction\":[{\"@type\":\"ReadAction\",\"target\":[\"https:\\\/\\\/www.altominho.tv\\\/site\\\/2024\\\/01\\\/23\\\/valter-lobo-sobe-ao-palco-a-9-de-fevereiro\\\/\"]}]},{\"@type\":\"ImageObject\",\"inLanguage\":\"pt-PT\",\"@id\":\"https:\\\/\\\/www.altominho.tv\\\/site\\\/2024\\\/01\\\/23\\\/valter-lobo-sobe-ao-palco-a-9-de-fevereiro\\\/#primaryimage\",\"url\":\"https:\\\/\\\/www.altominho.tv\\\/site\\\/wp-content\\\/uploads\\\/2024\\\/01\\\/Valter-Lobo-e1706009960843.jpeg\",\"contentUrl\":\"https:\\\/\\\/www.altominho.tv\\\/site\\\/wp-content\\\/uploads\\\/2024\\\/01\\\/Valter-Lobo-e1706009960843.jpeg\",\"width\":2048,\"height\":1153},{\"@type\":\"BreadcrumbList\",\"@id\":\"https:\\\/\\\/www.altominho.tv\\\/site\\\/2024\\\/01\\\/23\\\/valter-lobo-sobe-ao-palco-a-9-de-fevereiro\\\/#breadcrumb\",\"itemListElement\":[{\"@type\":\"ListItem\",\"position\":1,\"name\":\"In\u00edcio\",\"item\":\"https:\\\/\\\/www.altominho.tv\\\/site\\\/\"},{\"@type\":\"ListItem\",\"position\":2,\"name\":\"Valter Lobo sobe ao palco a 9 de fevereiro\"}]},{\"@type\":\"WebSite\",\"@id\":\"https:\\\/\\\/www.altominho.tv\\\/site\\\/#website\",\"url\":\"https:\\\/\\\/www.altominho.tv\\\/site\\\/\",\"name\":\"Altominho.tv\",\"description\":\"A sua regi\u00e3o \u00e0 dist\u00e2ncia de um clique...\",\"potentialAction\":[{\"@type\":\"SearchAction\",\"target\":{\"@type\":\"EntryPoint\",\"urlTemplate\":\"https:\\\/\\\/www.altominho.tv\\\/site\\\/?s={search_term_string}\"},\"query-input\":{\"@type\":\"PropertyValueSpecification\",\"valueRequired\":true,\"valueName\":\"search_term_string\"}}],\"inLanguage\":\"pt-PT\"},{\"@type\":\"Person\",\"@id\":\"https:\\\/\\\/www.altominho.tv\\\/site\\\/#\\\/schema\\\/person\\\/4e536851627d7914baf3dac752b6af22\",\"name\":\"Altominho.tv\",\"image\":{\"@type\":\"ImageObject\",\"inLanguage\":\"pt-PT\",\"@id\":\"https:\\\/\\\/www.altominho.tv\\\/site\\\/wp-content\\\/uploads\\\/2019\\\/11\\\/Logo_Avatar_2-150x150.jpg\",\"url\":\"https:\\\/\\\/www.altominho.tv\\\/site\\\/wp-content\\\/uploads\\\/2019\\\/11\\\/Logo_Avatar_2-150x150.jpg\",\"contentUrl\":\"https:\\\/\\\/www.altominho.tv\\\/site\\\/wp-content\\\/uploads\\\/2019\\\/11\\\/Logo_Avatar_2-150x150.jpg\",\"caption\":\"Altominho.tv\"},\"url\":\"https:\\\/\\\/www.altominho.tv\\\/site\\\/author\\\/altominhotv-tecnico\\\/\"}]}<\/script>\n<!-- \/ Yoast SEO Premium plugin. -->","yoast_head_json":{"title":"Valter Lobo sobe ao palco a 9 de fevereiro","description":"O Centro Cultural de Paredes de Coura vai receber, a 9 de fevereiro, pelas 21h30, um concerto de Valter Lobo.","robots":{"index":"index","follow":"follow","max-snippet":"max-snippet:-1","max-image-preview":"max-image-preview:large","max-video-preview":"max-video-preview:-1"},"canonical":"https:\/\/www.altominho.tv\/site\/2024\/01\/23\/valter-lobo-sobe-ao-palco-a-9-de-fevereiro\/","og_locale":"pt_PT","og_type":"article","og_title":"Valter Lobo sobe ao palco a 9 de fevereiro","og_description":"O Centro Cultural de Paredes de Coura vai receber, a 9 de fevereiro, pelas 21h30, um concerto de Valter Lobo.","og_url":"https:\/\/www.altominho.tv\/site\/2024\/01\/23\/valter-lobo-sobe-ao-palco-a-9-de-fevereiro\/","og_site_name":"Altominho.tv","article_publisher":"https:\/\/www.facebook.com\/altominhotv","article_published_time":"2024-01-23T11:37:12+00:00","article_modified_time":"2024-01-23T11:39:27+00:00","og_image":[{"width":2048,"height":1153,"url":"https:\/\/www.altominho.tv\/site\/wp-content\/uploads\/2024\/01\/Valter-Lobo-e1706009960843.jpeg","type":"image\/jpeg"}],"author":"Altominho.tv","twitter_card":"summary_large_image","twitter_creator":"@altominhoTV","twitter_site":"@altominhoTV","twitter_misc":{"Escrito por":"Altominho.tv","Tempo estimado de leitura":"2 minutos"},"schema":{"@context":"https:\/\/schema.org","@graph":[{"@type":"Article","@id":"https:\/\/www.altominho.tv\/site\/2024\/01\/23\/valter-lobo-sobe-ao-palco-a-9-de-fevereiro\/#article","isPartOf":{"@id":"https:\/\/www.altominho.tv\/site\/2024\/01\/23\/valter-lobo-sobe-ao-palco-a-9-de-fevereiro\/"},"author":{"name":"Altominho.tv","@id":"https:\/\/www.altominho.tv\/site\/#\/schema\/person\/4e536851627d7914baf3dac752b6af22"},"headline":"Valter Lobo sobe ao palco a 9 de fevereiro","datePublished":"2024-01-23T11:37:12+00:00","dateModified":"2024-01-23T11:39:27+00:00","mainEntityOfPage":{"@id":"https:\/\/www.altominho.tv\/site\/2024\/01\/23\/valter-lobo-sobe-ao-palco-a-9-de-fevereiro\/"},"wordCount":175,"image":{"@id":"https:\/\/www.altominho.tv\/site\/2024\/01\/23\/valter-lobo-sobe-ao-palco-a-9-de-fevereiro\/#primaryimage"},"thumbnailUrl":"https:\/\/www.altominho.tv\/site\/wp-content\/uploads\/2024\/01\/Valter-Lobo-e1706009960843.jpeg","articleSection":["Paredes de Coura"],"inLanguage":"pt-PT","copyrightYear":"2024","copyrightHolder":{"@id":"https:\/\/www.altominho.tv\/site\/#organization"}},{"@type":"WebPage","@id":"https:\/\/www.altominho.tv\/site\/2024\/01\/23\/valter-lobo-sobe-ao-palco-a-9-de-fevereiro\/","url":"https:\/\/www.altominho.tv\/site\/2024\/01\/23\/valter-lobo-sobe-ao-palco-a-9-de-fevereiro\/","name":"Valter Lobo sobe ao palco a 9 de fevereiro","isPartOf":{"@id":"https:\/\/www.altominho.tv\/site\/#website"},"primaryImageOfPage":{"@id":"https:\/\/www.altominho.tv\/site\/2024\/01\/23\/valter-lobo-sobe-ao-palco-a-9-de-fevereiro\/#primaryimage"},"image":{"@id":"https:\/\/www.altominho.tv\/site\/2024\/01\/23\/valter-lobo-sobe-ao-palco-a-9-de-fevereiro\/#primaryimage"},"thumbnailUrl":"https:\/\/www.altominho.tv\/site\/wp-content\/uploads\/2024\/01\/Valter-Lobo-e1706009960843.jpeg","datePublished":"2024-01-23T11:37:12+00:00","dateModified":"2024-01-23T11:39:27+00:00","author":{"@id":"https:\/\/www.altominho.tv\/site\/#\/schema\/person\/4e536851627d7914baf3dac752b6af22"},"description":"O Centro Cultural de Paredes de Coura vai receber, a 9 de fevereiro, pelas 21h30, um concerto de Valter Lobo.","breadcrumb":{"@id":"https:\/\/www.altominho.tv\/site\/2024\/01\/23\/valter-lobo-sobe-ao-palco-a-9-de-fevereiro\/#breadcrumb"},"inLanguage":"pt-PT","potentialAction":[{"@type":"ReadAction","target":["https:\/\/www.altominho.tv\/site\/2024\/01\/23\/valter-lobo-sobe-ao-palco-a-9-de-fevereiro\/"]}]},{"@type":"ImageObject","inLanguage":"pt-PT","@id":"https:\/\/www.altominho.tv\/site\/2024\/01\/23\/valter-lobo-sobe-ao-palco-a-9-de-fevereiro\/#primaryimage","url":"https:\/\/www.altominho.tv\/site\/wp-content\/uploads\/2024\/01\/Valter-Lobo-e1706009960843.jpeg","contentUrl":"https:\/\/www.altominho.tv\/site\/wp-content\/uploads\/2024\/01\/Valter-Lobo-e1706009960843.jpeg","width":2048,"height":1153},{"@type":"BreadcrumbList","@id":"https:\/\/www.altominho.tv\/site\/2024\/01\/23\/valter-lobo-sobe-ao-palco-a-9-de-fevereiro\/#breadcrumb","itemListElement":[{"@type":"ListItem","position":1,"name":"In\u00edcio","item":"https:\/\/www.altominho.tv\/site\/"},{"@type":"ListItem","position":2,"name":"Valter Lobo sobe ao palco a 9 de fevereiro"}]},{"@type":"WebSite","@id":"https:\/\/www.altominho.tv\/site\/#website","url":"https:\/\/www.altominho.tv\/site\/","name":"Altominho.tv","description":"A sua regi\u00e3o \u00e0 dist\u00e2ncia de um clique...","potentialAction":[{"@type":"SearchAction","target":{"@type":"EntryPoint","urlTemplate":"https:\/\/www.altominho.tv\/site\/?s={search_term_string}"},"query-input":{"@type":"PropertyValueSpecification","valueRequired":true,"valueName":"search_term_string"}}],"inLanguage":"pt-PT"},{"@type":"Person","@id":"https:\/\/www.altominho.tv\/site\/#\/schema\/person\/4e536851627d7914baf3dac752b6af22","name":"Altominho.tv","image":{"@type":"ImageObject","inLanguage":"pt-PT","@id":"https:\/\/www.altominho.tv\/site\/wp-content\/uploads\/2019\/11\/Logo_Avatar_2-150x150.jpg","url":"https:\/\/www.altominho.tv\/site\/wp-content\/uploads\/2019\/11\/Logo_Avatar_2-150x150.jpg","contentUrl":"https:\/\/www.altominho.tv\/site\/wp-content\/uploads\/2019\/11\/Logo_Avatar_2-150x150.jpg","caption":"Altominho.tv"},"url":"https:\/\/www.altominho.tv\/site\/author\/altominhotv-tecnico\/"}]}},"_links":{"self":[{"href":"https:\/\/www.altominho.tv\/site\/wp-json\/wp\/v2\/posts\/103808","targetHints":{"allow":["GET"]}}],"collection":[{"href":"https:\/\/www.altominho.tv\/site\/wp-json\/wp\/v2\/posts"}],"about":[{"href":"https:\/\/www.altominho.tv\/site\/wp-json\/wp\/v2\/types\/post"}],"author":[{"embeddable":true,"href":"https:\/\/www.altominho.tv\/site\/wp-json\/wp\/v2\/users\/1"}],"replies":[{"embeddable":true,"href":"https:\/\/www.altominho.tv\/site\/wp-json\/wp\/v2\/comments?post=103808"}],"version-history":[{"count":1,"href":"https:\/\/www.altominho.tv\/site\/wp-json\/wp\/v2\/posts\/103808\/revisions"}],"predecessor-version":[{"id":103810,"href":"https:\/\/www.altominho.tv\/site\/wp-json\/wp\/v2\/posts\/103808\/revisions\/103810"}],"wp:featuredmedia":[{"embeddable":true,"href":"https:\/\/www.altominho.tv\/site\/wp-json\/wp\/v2\/media\/103811"}],"wp:attachment":[{"href":"https:\/\/www.altominho.tv\/site\/wp-json\/wp\/v2\/media?parent=103808"}],"wp:term":[{"taxonomy":"category","embeddable":true,"href":"https:\/\/www.altominho.tv\/site\/wp-json\/wp\/v2\/categories?post=103808"},{"taxonomy":"post_tag","embeddable":true,"href":"https:\/\/www.altominho.tv\/site\/wp-json\/wp\/v2\/tags?post=103808"}],"curies":[{"name":"wp","href":"https:\/\/api.w.org\/{rel}","templated":true}]}}