{"id":103664,"date":"2024-01-18T14:59:05","date_gmt":"2024-01-18T14:59:05","guid":{"rendered":"https:\/\/www.altominho.tv\/site\/?p=103664"},"modified":"2024-01-18T15:01:31","modified_gmt":"2024-01-18T15:01:31","slug":"furtam-carros-durante-a-missa-de-domingo-em-romarigaes","status":"publish","type":"post","link":"https:\/\/www.altominho.tv\/site\/2024\/01\/18\/furtam-carros-durante-a-missa-de-domingo-em-romarigaes\/","title":{"rendered":"Furtam carros durante a missa de domingo em Romarig\u00e3es"},"content":{"rendered":"<p>Duas viaturas foram alvo de furto em pleno parque de estacionamento da Igreja, na freguesia de Romarig\u00e3es, em Paredes de Coura, na manh\u00e3 de 31 de dezembro de 2023, durante a celebra\u00e7\u00e3o da missa dominical, incluindo a do pr\u00f3prio padre.<\/p>\n<p>De acordo com o jornal <em>Not\u00edcias de Coura<\/em>, &#8220;sacos e malas foram subtra\u00eddos das viaturas, segundo os propriet\u00e1rios dos ve\u00edculos, estes sacos continham apenas documentos e artigos pessoais, assim como, no caso do carro do sacerdote, alguns objetos de uso em atos de culto com um valor aproximado de 100 euros&#8221;.<\/p>\n<p>Segundo a mesma publica\u00e7\u00e3o, o &#8220;accionamento do alarme num dos carros durante o furto foi um factor determinante para conter a situa\u00e7\u00e3o&#8221;.<\/p>\n<p>&#8220;O elevado n\u00famero de pessoas presentes motivou uma grande agita\u00e7\u00e3o, multiplicando-se os fi\u00e9is em lamentos e pedidos \u00e0 patrulha de GNR, entretanto chamada ao local, para que tudo fa\u00e7a para identificar e os respons\u00e1veis&#8221;, pode ainda ler-se.<\/p>\n","protected":false},"excerpt":{"rendered":"<p>Duas viaturas foram alvo de furto em pleno parque de estacionamento da Igreja, na freguesia de Romarig\u00e3es, em Paredes de Coura, na manh\u00e3 de 31 de dezembro de 2023, durante a celebra\u00e7\u00e3o da missa dominical, incluindo a do pr\u00f3prio padre. De acordo com o jornal Not\u00edcias de Coura, &#8220;sacos e malas foram subtra\u00eddos das viaturas, [&hellip;]<\/p>\n","protected":false},"author":24,"featured_media":103665,"comment_status":"closed","ping_status":"closed","sticky":false,"template":"","format":"standard","meta":{"_exactmetrics_skip_tracking":false,"_exactmetrics_sitenote_active":false,"_exactmetrics_sitenote_note":"","_exactmetrics_sitenote_category":0,"footnotes":""},"categories":[10],"tags":[27],"class_list":["post-103664","post","type-post","status-publish","format-standard","has-post-thumbnail","hentry","category-paredes-de-coura","tag-sociedade"],"yoast_head":"<!-- This site is optimized with the Yoast SEO Premium plugin v27.4 (Yoast SEO v27.4) - https:\/\/yoast.com\/product\/yoast-seo-premium-wordpress\/ -->\n<title>Furtam carros durante a missa de domingo em Romarig\u00e3es<\/title>\n<meta name=\"description\" content=\"Duas viaturas foram alvo de furto na freguesia de Romarig\u00e3es, em Paredes de Coura, na manh\u00e3 de 31 de dezembro de 2023, durante a celebra\u00e7\u00e3o da missa dominical, incluindo a do pr\u00f3prio padre.\" \/>\n<meta name=\"robots\" content=\"index, follow, max-snippet:-1, max-image-preview:large, max-video-preview:-1\" \/>\n<link rel=\"canonical\" href=\"https:\/\/www.altominho.tv\/site\/2024\/01\/18\/furtam-carros-durante-a-missa-de-domingo-em-romarigaes\/\" \/>\n<meta property=\"og:locale\" content=\"pt_PT\" \/>\n<meta property=\"og:type\" content=\"article\" \/>\n<meta property=\"og:title\" content=\"Furtam carros durante a missa de domingo em Romarig\u00e3es\" \/>\n<meta property=\"og:description\" content=\"Duas viaturas foram alvo de furto na freguesia de Romarig\u00e3es, em Paredes de Coura, na manh\u00e3 de 31 de dezembro de 2023, durante a celebra\u00e7\u00e3o da missa dominical, incluindo a do pr\u00f3prio padre.\" \/>\n<meta property=\"og:url\" content=\"https:\/\/www.altominho.tv\/site\/2024\/01\/18\/furtam-carros-durante-a-missa-de-domingo-em-romarigaes\/\" \/>\n<meta property=\"og:site_name\" content=\"Altominho.tv\" \/>\n<meta property=\"article:publisher\" content=\"https:\/\/www.facebook.com\/altominhotv\" \/>\n<meta property=\"article:published_time\" content=\"2024-01-18T14:59:05+00:00\" \/>\n<meta property=\"article:modified_time\" content=\"2024-01-18T15:01:31+00:00\" \/>\n<meta property=\"og:image\" content=\"https:\/\/www.altominho.tv\/site\/wp-content\/uploads\/2024\/01\/igreja-.jpg\" \/>\n\t<meta property=\"og:image:width\" content=\"1920\" \/>\n\t<meta property=\"og:image:height\" content=\"1080\" \/>\n\t<meta property=\"og:image:type\" content=\"image\/jpeg\" \/>\n<meta name=\"author\" content=\"Cesar Lopes\" \/>\n<meta name=\"twitter:card\" content=\"summary_large_image\" \/>\n<meta name=\"twitter:creator\" content=\"@altominhoTV\" \/>\n<meta name=\"twitter:site\" content=\"@altominhoTV\" \/>\n<meta name=\"twitter:label1\" content=\"Escrito por\" \/>\n\t<meta name=\"twitter:data1\" content=\"Cesar Lopes\" \/>\n\t<meta name=\"twitter:label2\" content=\"Tempo estimado de leitura\" \/>\n\t<meta name=\"twitter:data2\" content=\"2 minutos\" \/>\n<script type=\"application\/ld+json\" class=\"yoast-schema-graph\">{\"@context\":\"https:\\\/\\\/schema.org\",\"@graph\":[{\"@type\":\"Article\",\"@id\":\"https:\\\/\\\/www.altominho.tv\\\/site\\\/2024\\\/01\\\/18\\\/furtam-carros-durante-a-missa-de-domingo-em-romarigaes\\\/#article\",\"isPartOf\":{\"@id\":\"https:\\\/\\\/www.altominho.tv\\\/site\\\/2024\\\/01\\\/18\\\/furtam-carros-durante-a-missa-de-domingo-em-romarigaes\\\/\"},\"author\":{\"name\":\"Cesar Lopes\",\"@id\":\"https:\\\/\\\/www.altominho.tv\\\/site\\\/#\\\/schema\\\/person\\\/c5570e5afb933b8d08c43373326ef1b1\"},\"headline\":\"Furtam carros durante a missa de domingo em Romarig\u00e3es\",\"datePublished\":\"2024-01-18T14:59:05+00:00\",\"dateModified\":\"2024-01-18T15:01:31+00:00\",\"mainEntityOfPage\":{\"@id\":\"https:\\\/\\\/www.altominho.tv\\\/site\\\/2024\\\/01\\\/18\\\/furtam-carros-durante-a-missa-de-domingo-em-romarigaes\\\/\"},\"wordCount\":170,\"image\":{\"@id\":\"https:\\\/\\\/www.altominho.tv\\\/site\\\/2024\\\/01\\\/18\\\/furtam-carros-durante-a-missa-de-domingo-em-romarigaes\\\/#primaryimage\"},\"thumbnailUrl\":\"https:\\\/\\\/www.altominho.tv\\\/site\\\/wp-content\\\/uploads\\\/2024\\\/01\\\/igreja-.jpg\",\"keywords\":[\"Sociedade\"],\"articleSection\":[\"Paredes de Coura\"],\"inLanguage\":\"pt-PT\",\"copyrightYear\":\"2024\",\"copyrightHolder\":{\"@id\":\"https:\\\/\\\/www.altominho.tv\\\/site\\\/#organization\"}},{\"@type\":\"WebPage\",\"@id\":\"https:\\\/\\\/www.altominho.tv\\\/site\\\/2024\\\/01\\\/18\\\/furtam-carros-durante-a-missa-de-domingo-em-romarigaes\\\/\",\"url\":\"https:\\\/\\\/www.altominho.tv\\\/site\\\/2024\\\/01\\\/18\\\/furtam-carros-durante-a-missa-de-domingo-em-romarigaes\\\/\",\"name\":\"Furtam carros durante a missa de domingo em Romarig\u00e3es\",\"isPartOf\":{\"@id\":\"https:\\\/\\\/www.altominho.tv\\\/site\\\/#website\"},\"primaryImageOfPage\":{\"@id\":\"https:\\\/\\\/www.altominho.tv\\\/site\\\/2024\\\/01\\\/18\\\/furtam-carros-durante-a-missa-de-domingo-em-romarigaes\\\/#primaryimage\"},\"image\":{\"@id\":\"https:\\\/\\\/www.altominho.tv\\\/site\\\/2024\\\/01\\\/18\\\/furtam-carros-durante-a-missa-de-domingo-em-romarigaes\\\/#primaryimage\"},\"thumbnailUrl\":\"https:\\\/\\\/www.altominho.tv\\\/site\\\/wp-content\\\/uploads\\\/2024\\\/01\\\/igreja-.jpg\",\"datePublished\":\"2024-01-18T14:59:05+00:00\",\"dateModified\":\"2024-01-18T15:01:31+00:00\",\"author\":{\"@id\":\"https:\\\/\\\/www.altominho.tv\\\/site\\\/#\\\/schema\\\/person\\\/c5570e5afb933b8d08c43373326ef1b1\"},\"description\":\"Duas viaturas foram alvo de furto na freguesia de Romarig\u00e3es, em Paredes de Coura, na manh\u00e3 de 31 de dezembro de 2023, durante a celebra\u00e7\u00e3o da missa dominical, incluindo a do pr\u00f3prio padre.\",\"breadcrumb\":{\"@id\":\"https:\\\/\\\/www.altominho.tv\\\/site\\\/2024\\\/01\\\/18\\\/furtam-carros-durante-a-missa-de-domingo-em-romarigaes\\\/#breadcrumb\"},\"inLanguage\":\"pt-PT\",\"potentialAction\":[{\"@type\":\"ReadAction\",\"target\":[\"https:\\\/\\\/www.altominho.tv\\\/site\\\/2024\\\/01\\\/18\\\/furtam-carros-durante-a-missa-de-domingo-em-romarigaes\\\/\"]}]},{\"@type\":\"ImageObject\",\"inLanguage\":\"pt-PT\",\"@id\":\"https:\\\/\\\/www.altominho.tv\\\/site\\\/2024\\\/01\\\/18\\\/furtam-carros-durante-a-missa-de-domingo-em-romarigaes\\\/#primaryimage\",\"url\":\"https:\\\/\\\/www.altominho.tv\\\/site\\\/wp-content\\\/uploads\\\/2024\\\/01\\\/igreja-.jpg\",\"contentUrl\":\"https:\\\/\\\/www.altominho.tv\\\/site\\\/wp-content\\\/uploads\\\/2024\\\/01\\\/igreja-.jpg\",\"width\":1920,\"height\":1080},{\"@type\":\"BreadcrumbList\",\"@id\":\"https:\\\/\\\/www.altominho.tv\\\/site\\\/2024\\\/01\\\/18\\\/furtam-carros-durante-a-missa-de-domingo-em-romarigaes\\\/#breadcrumb\",\"itemListElement\":[{\"@type\":\"ListItem\",\"position\":1,\"name\":\"In\u00edcio\",\"item\":\"https:\\\/\\\/www.altominho.tv\\\/site\\\/\"},{\"@type\":\"ListItem\",\"position\":2,\"name\":\"Furtam carros durante a missa de domingo em Romarig\u00e3es\"}]},{\"@type\":\"WebSite\",\"@id\":\"https:\\\/\\\/www.altominho.tv\\\/site\\\/#website\",\"url\":\"https:\\\/\\\/www.altominho.tv\\\/site\\\/\",\"name\":\"Altominho.tv\",\"description\":\"A sua regi\u00e3o \u00e0 dist\u00e2ncia de um clique...\",\"potentialAction\":[{\"@type\":\"SearchAction\",\"target\":{\"@type\":\"EntryPoint\",\"urlTemplate\":\"https:\\\/\\\/www.altominho.tv\\\/site\\\/?s={search_term_string}\"},\"query-input\":{\"@type\":\"PropertyValueSpecification\",\"valueRequired\":true,\"valueName\":\"search_term_string\"}}],\"inLanguage\":\"pt-PT\"},{\"@type\":\"Person\",\"@id\":\"https:\\\/\\\/www.altominho.tv\\\/site\\\/#\\\/schema\\\/person\\\/c5570e5afb933b8d08c43373326ef1b1\",\"name\":\"Cesar Lopes\",\"image\":{\"@type\":\"ImageObject\",\"inLanguage\":\"pt-PT\",\"@id\":\"https:\\\/\\\/www.altominho.tv\\\/site\\\/wp-content\\\/uploads\\\/2022\\\/10\\\/Sem-Titulo-150x150.jpg\",\"url\":\"https:\\\/\\\/www.altominho.tv\\\/site\\\/wp-content\\\/uploads\\\/2022\\\/10\\\/Sem-Titulo-150x150.jpg\",\"contentUrl\":\"https:\\\/\\\/www.altominho.tv\\\/site\\\/wp-content\\\/uploads\\\/2022\\\/10\\\/Sem-Titulo-150x150.jpg\",\"caption\":\"Cesar Lopes\"},\"url\":\"https:\\\/\\\/www.altominho.tv\\\/site\\\/author\\\/cesarlopes\\\/\"}]}<\/script>\n<!-- \/ Yoast SEO Premium plugin. -->","yoast_head_json":{"title":"Furtam carros durante a missa de domingo em Romarig\u00e3es","description":"Duas viaturas foram alvo de furto na freguesia de Romarig\u00e3es, em Paredes de Coura, na manh\u00e3 de 31 de dezembro de 2023, durante a celebra\u00e7\u00e3o da missa dominical, incluindo a do pr\u00f3prio padre.","robots":{"index":"index","follow":"follow","max-snippet":"max-snippet:-1","max-image-preview":"max-image-preview:large","max-video-preview":"max-video-preview:-1"},"canonical":"https:\/\/www.altominho.tv\/site\/2024\/01\/18\/furtam-carros-durante-a-missa-de-domingo-em-romarigaes\/","og_locale":"pt_PT","og_type":"article","og_title":"Furtam carros durante a missa de domingo em Romarig\u00e3es","og_description":"Duas viaturas foram alvo de furto na freguesia de Romarig\u00e3es, em Paredes de Coura, na manh\u00e3 de 31 de dezembro de 2023, durante a celebra\u00e7\u00e3o da missa dominical, incluindo a do pr\u00f3prio padre.","og_url":"https:\/\/www.altominho.tv\/site\/2024\/01\/18\/furtam-carros-durante-a-missa-de-domingo-em-romarigaes\/","og_site_name":"Altominho.tv","article_publisher":"https:\/\/www.facebook.com\/altominhotv","article_published_time":"2024-01-18T14:59:05+00:00","article_modified_time":"2024-01-18T15:01:31+00:00","og_image":[{"width":1920,"height":1080,"url":"https:\/\/www.altominho.tv\/site\/wp-content\/uploads\/2024\/01\/igreja-.jpg","type":"image\/jpeg"}],"author":"Cesar Lopes","twitter_card":"summary_large_image","twitter_creator":"@altominhoTV","twitter_site":"@altominhoTV","twitter_misc":{"Escrito por":"Cesar Lopes","Tempo estimado de leitura":"2 minutos"},"schema":{"@context":"https:\/\/schema.org","@graph":[{"@type":"Article","@id":"https:\/\/www.altominho.tv\/site\/2024\/01\/18\/furtam-carros-durante-a-missa-de-domingo-em-romarigaes\/#article","isPartOf":{"@id":"https:\/\/www.altominho.tv\/site\/2024\/01\/18\/furtam-carros-durante-a-missa-de-domingo-em-romarigaes\/"},"author":{"name":"Cesar Lopes","@id":"https:\/\/www.altominho.tv\/site\/#\/schema\/person\/c5570e5afb933b8d08c43373326ef1b1"},"headline":"Furtam carros durante a missa de domingo em Romarig\u00e3es","datePublished":"2024-01-18T14:59:05+00:00","dateModified":"2024-01-18T15:01:31+00:00","mainEntityOfPage":{"@id":"https:\/\/www.altominho.tv\/site\/2024\/01\/18\/furtam-carros-durante-a-missa-de-domingo-em-romarigaes\/"},"wordCount":170,"image":{"@id":"https:\/\/www.altominho.tv\/site\/2024\/01\/18\/furtam-carros-durante-a-missa-de-domingo-em-romarigaes\/#primaryimage"},"thumbnailUrl":"https:\/\/www.altominho.tv\/site\/wp-content\/uploads\/2024\/01\/igreja-.jpg","keywords":["Sociedade"],"articleSection":["Paredes de Coura"],"inLanguage":"pt-PT","copyrightYear":"2024","copyrightHolder":{"@id":"https:\/\/www.altominho.tv\/site\/#organization"}},{"@type":"WebPage","@id":"https:\/\/www.altominho.tv\/site\/2024\/01\/18\/furtam-carros-durante-a-missa-de-domingo-em-romarigaes\/","url":"https:\/\/www.altominho.tv\/site\/2024\/01\/18\/furtam-carros-durante-a-missa-de-domingo-em-romarigaes\/","name":"Furtam carros durante a missa de domingo em Romarig\u00e3es","isPartOf":{"@id":"https:\/\/www.altominho.tv\/site\/#website"},"primaryImageOfPage":{"@id":"https:\/\/www.altominho.tv\/site\/2024\/01\/18\/furtam-carros-durante-a-missa-de-domingo-em-romarigaes\/#primaryimage"},"image":{"@id":"https:\/\/www.altominho.tv\/site\/2024\/01\/18\/furtam-carros-durante-a-missa-de-domingo-em-romarigaes\/#primaryimage"},"thumbnailUrl":"https:\/\/www.altominho.tv\/site\/wp-content\/uploads\/2024\/01\/igreja-.jpg","datePublished":"2024-01-18T14:59:05+00:00","dateModified":"2024-01-18T15:01:31+00:00","author":{"@id":"https:\/\/www.altominho.tv\/site\/#\/schema\/person\/c5570e5afb933b8d08c43373326ef1b1"},"description":"Duas viaturas foram alvo de furto na freguesia de Romarig\u00e3es, em Paredes de Coura, na manh\u00e3 de 31 de dezembro de 2023, durante a celebra\u00e7\u00e3o da missa dominical, incluindo a do pr\u00f3prio padre.","breadcrumb":{"@id":"https:\/\/www.altominho.tv\/site\/2024\/01\/18\/furtam-carros-durante-a-missa-de-domingo-em-romarigaes\/#breadcrumb"},"inLanguage":"pt-PT","potentialAction":[{"@type":"ReadAction","target":["https:\/\/www.altominho.tv\/site\/2024\/01\/18\/furtam-carros-durante-a-missa-de-domingo-em-romarigaes\/"]}]},{"@type":"ImageObject","inLanguage":"pt-PT","@id":"https:\/\/www.altominho.tv\/site\/2024\/01\/18\/furtam-carros-durante-a-missa-de-domingo-em-romarigaes\/#primaryimage","url":"https:\/\/www.altominho.tv\/site\/wp-content\/uploads\/2024\/01\/igreja-.jpg","contentUrl":"https:\/\/www.altominho.tv\/site\/wp-content\/uploads\/2024\/01\/igreja-.jpg","width":1920,"height":1080},{"@type":"BreadcrumbList","@id":"https:\/\/www.altominho.tv\/site\/2024\/01\/18\/furtam-carros-durante-a-missa-de-domingo-em-romarigaes\/#breadcrumb","itemListElement":[{"@type":"ListItem","position":1,"name":"In\u00edcio","item":"https:\/\/www.altominho.tv\/site\/"},{"@type":"ListItem","position":2,"name":"Furtam carros durante a missa de domingo em Romarig\u00e3es"}]},{"@type":"WebSite","@id":"https:\/\/www.altominho.tv\/site\/#website","url":"https:\/\/www.altominho.tv\/site\/","name":"Altominho.tv","description":"A sua regi\u00e3o \u00e0 dist\u00e2ncia de um clique...","potentialAction":[{"@type":"SearchAction","target":{"@type":"EntryPoint","urlTemplate":"https:\/\/www.altominho.tv\/site\/?s={search_term_string}"},"query-input":{"@type":"PropertyValueSpecification","valueRequired":true,"valueName":"search_term_string"}}],"inLanguage":"pt-PT"},{"@type":"Person","@id":"https:\/\/www.altominho.tv\/site\/#\/schema\/person\/c5570e5afb933b8d08c43373326ef1b1","name":"Cesar Lopes","image":{"@type":"ImageObject","inLanguage":"pt-PT","@id":"https:\/\/www.altominho.tv\/site\/wp-content\/uploads\/2022\/10\/Sem-Titulo-150x150.jpg","url":"https:\/\/www.altominho.tv\/site\/wp-content\/uploads\/2022\/10\/Sem-Titulo-150x150.jpg","contentUrl":"https:\/\/www.altominho.tv\/site\/wp-content\/uploads\/2022\/10\/Sem-Titulo-150x150.jpg","caption":"Cesar Lopes"},"url":"https:\/\/www.altominho.tv\/site\/author\/cesarlopes\/"}]}},"_links":{"self":[{"href":"https:\/\/www.altominho.tv\/site\/wp-json\/wp\/v2\/posts\/103664","targetHints":{"allow":["GET"]}}],"collection":[{"href":"https:\/\/www.altominho.tv\/site\/wp-json\/wp\/v2\/posts"}],"about":[{"href":"https:\/\/www.altominho.tv\/site\/wp-json\/wp\/v2\/types\/post"}],"author":[{"embeddable":true,"href":"https:\/\/www.altominho.tv\/site\/wp-json\/wp\/v2\/users\/24"}],"replies":[{"embeddable":true,"href":"https:\/\/www.altominho.tv\/site\/wp-json\/wp\/v2\/comments?post=103664"}],"version-history":[{"count":2,"href":"https:\/\/www.altominho.tv\/site\/wp-json\/wp\/v2\/posts\/103664\/revisions"}],"predecessor-version":[{"id":103667,"href":"https:\/\/www.altominho.tv\/site\/wp-json\/wp\/v2\/posts\/103664\/revisions\/103667"}],"wp:featuredmedia":[{"embeddable":true,"href":"https:\/\/www.altominho.tv\/site\/wp-json\/wp\/v2\/media\/103665"}],"wp:attachment":[{"href":"https:\/\/www.altominho.tv\/site\/wp-json\/wp\/v2\/media?parent=103664"}],"wp:term":[{"taxonomy":"category","embeddable":true,"href":"https:\/\/www.altominho.tv\/site\/wp-json\/wp\/v2\/categories?post=103664"},{"taxonomy":"post_tag","embeddable":true,"href":"https:\/\/www.altominho.tv\/site\/wp-json\/wp\/v2\/tags?post=103664"}],"curies":[{"name":"wp","href":"https:\/\/api.w.org\/{rel}","templated":true}]}}