{"id":10326,"date":"2018-03-05T12:51:47","date_gmt":"2018-03-05T12:51:47","guid":{"rendered":"http:\/\/www.altominho.tv\/site\/?p=10326"},"modified":"2018-03-05T12:51:47","modified_gmt":"2018-03-05T12:51:47","slug":"cerveira-saudavel-2018-propoe-caminhos-de-santiago-trilhos-danca-remo-e-acao-de-sensibilizacao-animal","status":"publish","type":"post","link":"https:\/\/www.altominho.tv\/site\/2018\/03\/05\/cerveira-saudavel-2018-propoe-caminhos-de-santiago-trilhos-danca-remo-e-acao-de-sensibilizacao-animal\/","title":{"rendered":"\u2018Cerveira Saud\u00e1vel\u2019 2018 prop\u00f5e Caminhos de Santiago, trilhos, dan\u00e7a, remo e a\u00e7\u00e3o de sensibiliza\u00e7\u00e3o animal"},"content":{"rendered":"<p>O projeto Cerveira Saud\u00e1vel\u2019 2018 prop\u00f5e Caminhos de Santiago, trilhos, dan\u00e7a, remo e a\u00e7\u00e3o de sensibiliza\u00e7\u00e3o animal.,<\/p>\n<p>Aliando o desporto ao bem-estar e o conv\u00edvio \u00e0 natureza, entre mar\u00e7o e novembro, os fins-de-semana em Vila Nova de Cerveira sugerem uma calendariza\u00e7\u00e3o diferenciada e apelativa, transversal a todas as idades, numa estreita parceria com coletividades do concelho.<\/p>\n<p>Para a edi\u00e7\u00e3o 2018 do \u2018Cerveira Saud\u00e1vel\u2019, o Munic\u00edpio de Vila Nova de Cerveira prop\u00f5e uma novidade: a realiza\u00e7\u00e3o do caminho at\u00e9 Santiago de Compostela, em seis etapas, aos segundos domingos de cada m\u00eas, com transporte do ponto de partida e o respetivo regresso. A participa\u00e7\u00e3o tem inscri\u00e7\u00e3o obrigat\u00f3ria, com um custo simb\u00f3lico de 6 euros por etapa, limitada a 50 pessoas.<\/p>\n<p>Da programa\u00e7\u00e3o constam ainda seis trilhos pedestres que promovem a visita por algumas freguesias do concelho e respetivos pontos de interesse, nomeadamente o \u2018Trilho da G\u00e1vea\u2019, o \u2018Trilho Alto Picoito\u2019, a Ecopista do Rio Minho, o \u2018Trilho Alto da Pena\u2019, o \u2018Trilho dos Engenhos e dos Folh\u00f5es\u2019, e o \u2018Trilho da Carranca\u2019 (com almo\u00e7o vegetariano), para al\u00e9m de uma Caminhada Solid\u00e1ria a Favor da Liga Portuguesa Contra o Cancro. Est\u00e1 igualmente agendada uma sess\u00e3o de dan\u00e7as de sal\u00e3o ao ar livre, uma experi\u00eancia de remo e uma a\u00e7\u00e3o de sensibiliza\u00e7\u00e3o de combate \u00e0 obesidade animal com provas f\u00edsicas para os animais.<\/p>\n<p>A primeira atividade arranca j\u00e1 no pr\u00f3ximo dia 11 de mar\u00e7o e a \u00faltima acontece no dia 4 de novembro, com interrup\u00e7\u00e3o durante o m\u00eas de agosto. Todas as atividades do \u2018Cerveira Saud\u00e1vel\u2019 2018 realizam-se aos s\u00e1bados e\/ou domingos, sendo solicitado aos interessados que efetuem inscri\u00e7\u00e3o atrav\u00e9s dos links disponibilizados.<\/p>\n","protected":false},"excerpt":{"rendered":"<p>O projeto Cerveira Saud\u00e1vel\u2019 2018 prop\u00f5e Caminhos de Santiago, trilhos, dan\u00e7a, remo e a\u00e7\u00e3o de sensibiliza\u00e7\u00e3o animal., Aliando o desporto ao bem-estar e o conv\u00edvio \u00e0 natureza, entre mar\u00e7o e novembro, os fins-de-semana em Vila Nova de Cerveira sugerem uma calendariza\u00e7\u00e3o diferenciada e apelativa, transversal a todas as idades, numa estreita parceria com coletividades do [&hellip;]<\/p>\n","protected":false},"author":6,"featured_media":10327,"comment_status":"closed","ping_status":"closed","sticky":false,"template":"","format":"standard","meta":{"_exactmetrics_skip_tracking":false,"_exactmetrics_sitenote_active":false,"_exactmetrics_sitenote_note":"","_exactmetrics_sitenote_category":0,"footnotes":""},"categories":[15],"tags":[20,24],"class_list":["post-10326","post","type-post","status-publish","format-standard","has-post-thumbnail","hentry","category-vila-nova-de-cerveira","tag-desporto","tag-lazer"],"yoast_head":"<!-- This site is optimized with the Yoast SEO Premium plugin v27.5 (Yoast SEO v27.5) - https:\/\/yoast.com\/product\/yoast-seo-premium-wordpress\/ -->\n<title>\u2018Cerveira Saud\u00e1vel\u2019 2018 prop\u00f5e Caminhos de Santiago, trilhos, dan\u00e7a, remo e a\u00e7\u00e3o de sensibiliza\u00e7\u00e3o animal<\/title>\n<meta name=\"robots\" content=\"index, follow, max-snippet:-1, max-image-preview:large, max-video-preview:-1\" \/>\n<link rel=\"canonical\" href=\"https:\/\/www.altominho.tv\/site\/2018\/03\/05\/cerveira-saudavel-2018-propoe-caminhos-de-santiago-trilhos-danca-remo-e-acao-de-sensibilizacao-animal\/\" \/>\n<meta property=\"og:locale\" content=\"pt_PT\" \/>\n<meta property=\"og:type\" content=\"article\" \/>\n<meta property=\"og:title\" content=\"\u2018Cerveira Saud\u00e1vel\u2019 2018 prop\u00f5e Caminhos de Santiago, trilhos, dan\u00e7a, remo e a\u00e7\u00e3o de sensibiliza\u00e7\u00e3o animal\" \/>\n<meta property=\"og:description\" content=\"O projeto Cerveira Saud\u00e1vel\u2019 2018 prop\u00f5e Caminhos de Santiago, trilhos, dan\u00e7a, remo e a\u00e7\u00e3o de sensibiliza\u00e7\u00e3o animal., Aliando o desporto ao bem-estar e o conv\u00edvio \u00e0 natureza, entre mar\u00e7o e novembro, os fins-de-semana em Vila Nova de Cerveira sugerem uma calendariza\u00e7\u00e3o diferenciada e apelativa, transversal a todas as idades, numa estreita parceria com coletividades do [&hellip;]\" \/>\n<meta property=\"og:url\" content=\"https:\/\/www.altominho.tv\/site\/2018\/03\/05\/cerveira-saudavel-2018-propoe-caminhos-de-santiago-trilhos-danca-remo-e-acao-de-sensibilizacao-animal\/\" \/>\n<meta property=\"og:site_name\" content=\"Altominho.tv\" \/>\n<meta property=\"article:publisher\" content=\"https:\/\/www.facebook.com\/altominhotv\" \/>\n<meta property=\"article:published_time\" content=\"2018-03-05T12:51:47+00:00\" \/>\n<meta property=\"og:image\" content=\"https:\/\/www.altominho.tv\/site\/wp-content\/uploads\/2018\/03\/cerv.jpeg\" \/>\n\t<meta property=\"og:image:width\" content=\"580\" \/>\n\t<meta property=\"og:image:height\" content=\"387\" \/>\n\t<meta property=\"og:image:type\" content=\"image\/jpeg\" \/>\n<meta name=\"author\" content=\"C\u00e1tia Malheiro\" \/>\n<meta name=\"twitter:card\" content=\"summary_large_image\" \/>\n<meta name=\"twitter:creator\" content=\"@altominhoTV\" \/>\n<meta name=\"twitter:site\" content=\"@altominhoTV\" \/>\n<meta name=\"twitter:label1\" content=\"Escrito por\" \/>\n\t<meta name=\"twitter:data1\" content=\"C\u00e1tia Malheiro\" \/>\n\t<meta name=\"twitter:label2\" content=\"Tempo estimado de leitura\" \/>\n\t<meta name=\"twitter:data2\" content=\"2 minutos\" \/>\n<script type=\"application\/ld+json\" class=\"yoast-schema-graph\">{\"@context\":\"https:\\\/\\\/schema.org\",\"@graph\":[{\"@type\":\"Article\",\"@id\":\"https:\\\/\\\/www.altominho.tv\\\/site\\\/2018\\\/03\\\/05\\\/cerveira-saudavel-2018-propoe-caminhos-de-santiago-trilhos-danca-remo-e-acao-de-sensibilizacao-animal\\\/#article\",\"isPartOf\":{\"@id\":\"https:\\\/\\\/www.altominho.tv\\\/site\\\/2018\\\/03\\\/05\\\/cerveira-saudavel-2018-propoe-caminhos-de-santiago-trilhos-danca-remo-e-acao-de-sensibilizacao-animal\\\/\"},\"author\":{\"name\":\"C\u00e1tia Malheiro\",\"@id\":\"https:\\\/\\\/www.altominho.tv\\\/site\\\/#\\\/schema\\\/person\\\/5c9404a8b438614c93da6ca09db92574\"},\"headline\":\"\u2018Cerveira Saud\u00e1vel\u2019 2018 prop\u00f5e Caminhos de Santiago, trilhos, dan\u00e7a, remo e a\u00e7\u00e3o de sensibiliza\u00e7\u00e3o animal\",\"datePublished\":\"2018-03-05T12:51:47+00:00\",\"mainEntityOfPage\":{\"@id\":\"https:\\\/\\\/www.altominho.tv\\\/site\\\/2018\\\/03\\\/05\\\/cerveira-saudavel-2018-propoe-caminhos-de-santiago-trilhos-danca-remo-e-acao-de-sensibilizacao-animal\\\/\"},\"wordCount\":319,\"image\":{\"@id\":\"https:\\\/\\\/www.altominho.tv\\\/site\\\/2018\\\/03\\\/05\\\/cerveira-saudavel-2018-propoe-caminhos-de-santiago-trilhos-danca-remo-e-acao-de-sensibilizacao-animal\\\/#primaryimage\"},\"thumbnailUrl\":\"https:\\\/\\\/www.altominho.tv\\\/site\\\/wp-content\\\/uploads\\\/2018\\\/03\\\/cerv.jpeg\",\"keywords\":[\"Desporto\",\"Lazer\"],\"articleSection\":[\"Vila Nova de Cerveira\"],\"inLanguage\":\"pt-PT\",\"copyrightYear\":\"2018\",\"copyrightHolder\":{\"@id\":\"https:\\\/\\\/www.altominho.tv\\\/site\\\/#organization\"}},{\"@type\":\"WebPage\",\"@id\":\"https:\\\/\\\/www.altominho.tv\\\/site\\\/2018\\\/03\\\/05\\\/cerveira-saudavel-2018-propoe-caminhos-de-santiago-trilhos-danca-remo-e-acao-de-sensibilizacao-animal\\\/\",\"url\":\"https:\\\/\\\/www.altominho.tv\\\/site\\\/2018\\\/03\\\/05\\\/cerveira-saudavel-2018-propoe-caminhos-de-santiago-trilhos-danca-remo-e-acao-de-sensibilizacao-animal\\\/\",\"name\":\"\u2018Cerveira Saud\u00e1vel\u2019 2018 prop\u00f5e Caminhos de Santiago, trilhos, dan\u00e7a, remo e a\u00e7\u00e3o de sensibiliza\u00e7\u00e3o animal\",\"isPartOf\":{\"@id\":\"https:\\\/\\\/www.altominho.tv\\\/site\\\/#website\"},\"primaryImageOfPage\":{\"@id\":\"https:\\\/\\\/www.altominho.tv\\\/site\\\/2018\\\/03\\\/05\\\/cerveira-saudavel-2018-propoe-caminhos-de-santiago-trilhos-danca-remo-e-acao-de-sensibilizacao-animal\\\/#primaryimage\"},\"image\":{\"@id\":\"https:\\\/\\\/www.altominho.tv\\\/site\\\/2018\\\/03\\\/05\\\/cerveira-saudavel-2018-propoe-caminhos-de-santiago-trilhos-danca-remo-e-acao-de-sensibilizacao-animal\\\/#primaryimage\"},\"thumbnailUrl\":\"https:\\\/\\\/www.altominho.tv\\\/site\\\/wp-content\\\/uploads\\\/2018\\\/03\\\/cerv.jpeg\",\"datePublished\":\"2018-03-05T12:51:47+00:00\",\"author\":{\"@id\":\"https:\\\/\\\/www.altominho.tv\\\/site\\\/#\\\/schema\\\/person\\\/5c9404a8b438614c93da6ca09db92574\"},\"breadcrumb\":{\"@id\":\"https:\\\/\\\/www.altominho.tv\\\/site\\\/2018\\\/03\\\/05\\\/cerveira-saudavel-2018-propoe-caminhos-de-santiago-trilhos-danca-remo-e-acao-de-sensibilizacao-animal\\\/#breadcrumb\"},\"inLanguage\":\"pt-PT\",\"potentialAction\":[{\"@type\":\"ReadAction\",\"target\":[\"https:\\\/\\\/www.altominho.tv\\\/site\\\/2018\\\/03\\\/05\\\/cerveira-saudavel-2018-propoe-caminhos-de-santiago-trilhos-danca-remo-e-acao-de-sensibilizacao-animal\\\/\"]}]},{\"@type\":\"ImageObject\",\"inLanguage\":\"pt-PT\",\"@id\":\"https:\\\/\\\/www.altominho.tv\\\/site\\\/2018\\\/03\\\/05\\\/cerveira-saudavel-2018-propoe-caminhos-de-santiago-trilhos-danca-remo-e-acao-de-sensibilizacao-animal\\\/#primaryimage\",\"url\":\"https:\\\/\\\/www.altominho.tv\\\/site\\\/wp-content\\\/uploads\\\/2018\\\/03\\\/cerv.jpeg\",\"contentUrl\":\"https:\\\/\\\/www.altominho.tv\\\/site\\\/wp-content\\\/uploads\\\/2018\\\/03\\\/cerv.jpeg\",\"width\":580,\"height\":387},{\"@type\":\"BreadcrumbList\",\"@id\":\"https:\\\/\\\/www.altominho.tv\\\/site\\\/2018\\\/03\\\/05\\\/cerveira-saudavel-2018-propoe-caminhos-de-santiago-trilhos-danca-remo-e-acao-de-sensibilizacao-animal\\\/#breadcrumb\",\"itemListElement\":[{\"@type\":\"ListItem\",\"position\":1,\"name\":\"In\u00edcio\",\"item\":\"https:\\\/\\\/www.altominho.tv\\\/site\\\/\"},{\"@type\":\"ListItem\",\"position\":2,\"name\":\"\u2018Cerveira Saud\u00e1vel\u2019 2018 prop\u00f5e Caminhos de Santiago, trilhos, dan\u00e7a, remo e a\u00e7\u00e3o de sensibiliza\u00e7\u00e3o animal\"}]},{\"@type\":\"WebSite\",\"@id\":\"https:\\\/\\\/www.altominho.tv\\\/site\\\/#website\",\"url\":\"https:\\\/\\\/www.altominho.tv\\\/site\\\/\",\"name\":\"Altominho.tv\",\"description\":\"A sua regi\u00e3o \u00e0 dist\u00e2ncia de um clique...\",\"potentialAction\":[{\"@type\":\"SearchAction\",\"target\":{\"@type\":\"EntryPoint\",\"urlTemplate\":\"https:\\\/\\\/www.altominho.tv\\\/site\\\/?s={search_term_string}\"},\"query-input\":{\"@type\":\"PropertyValueSpecification\",\"valueRequired\":true,\"valueName\":\"search_term_string\"}}],\"inLanguage\":\"pt-PT\"},{\"@type\":\"Person\",\"@id\":\"https:\\\/\\\/www.altominho.tv\\\/site\\\/#\\\/schema\\\/person\\\/5c9404a8b438614c93da6ca09db92574\",\"name\":\"C\u00e1tia Malheiro\",\"image\":{\"@type\":\"ImageObject\",\"inLanguage\":\"pt-PT\",\"@id\":\"https:\\\/\\\/www.altominho.tv\\\/site\\\/wp-content\\\/uploads\\\/2017\\\/11\\\/Catia_Malheiro-150x150.jpg\",\"url\":\"https:\\\/\\\/www.altominho.tv\\\/site\\\/wp-content\\\/uploads\\\/2017\\\/11\\\/Catia_Malheiro-150x150.jpg\",\"contentUrl\":\"https:\\\/\\\/www.altominho.tv\\\/site\\\/wp-content\\\/uploads\\\/2017\\\/11\\\/Catia_Malheiro-150x150.jpg\",\"caption\":\"C\u00e1tia Malheiro\"},\"url\":\"https:\\\/\\\/www.altominho.tv\\\/site\\\/author\\\/catiamalheiro\\\/\"}]}<\/script>\n<!-- \/ Yoast SEO Premium plugin. -->","yoast_head_json":{"title":"\u2018Cerveira Saud\u00e1vel\u2019 2018 prop\u00f5e Caminhos de Santiago, trilhos, dan\u00e7a, remo e a\u00e7\u00e3o de sensibiliza\u00e7\u00e3o animal","robots":{"index":"index","follow":"follow","max-snippet":"max-snippet:-1","max-image-preview":"max-image-preview:large","max-video-preview":"max-video-preview:-1"},"canonical":"https:\/\/www.altominho.tv\/site\/2018\/03\/05\/cerveira-saudavel-2018-propoe-caminhos-de-santiago-trilhos-danca-remo-e-acao-de-sensibilizacao-animal\/","og_locale":"pt_PT","og_type":"article","og_title":"\u2018Cerveira Saud\u00e1vel\u2019 2018 prop\u00f5e Caminhos de Santiago, trilhos, dan\u00e7a, remo e a\u00e7\u00e3o de sensibiliza\u00e7\u00e3o animal","og_description":"O projeto Cerveira Saud\u00e1vel\u2019 2018 prop\u00f5e Caminhos de Santiago, trilhos, dan\u00e7a, remo e a\u00e7\u00e3o de sensibiliza\u00e7\u00e3o animal., Aliando o desporto ao bem-estar e o conv\u00edvio \u00e0 natureza, entre mar\u00e7o e novembro, os fins-de-semana em Vila Nova de Cerveira sugerem uma calendariza\u00e7\u00e3o diferenciada e apelativa, transversal a todas as idades, numa estreita parceria com coletividades do [&hellip;]","og_url":"https:\/\/www.altominho.tv\/site\/2018\/03\/05\/cerveira-saudavel-2018-propoe-caminhos-de-santiago-trilhos-danca-remo-e-acao-de-sensibilizacao-animal\/","og_site_name":"Altominho.tv","article_publisher":"https:\/\/www.facebook.com\/altominhotv","article_published_time":"2018-03-05T12:51:47+00:00","og_image":[{"width":580,"height":387,"url":"https:\/\/www.altominho.tv\/site\/wp-content\/uploads\/2018\/03\/cerv.jpeg","type":"image\/jpeg"}],"author":"C\u00e1tia Malheiro","twitter_card":"summary_large_image","twitter_creator":"@altominhoTV","twitter_site":"@altominhoTV","twitter_misc":{"Escrito por":"C\u00e1tia Malheiro","Tempo estimado de leitura":"2 minutos"},"schema":{"@context":"https:\/\/schema.org","@graph":[{"@type":"Article","@id":"https:\/\/www.altominho.tv\/site\/2018\/03\/05\/cerveira-saudavel-2018-propoe-caminhos-de-santiago-trilhos-danca-remo-e-acao-de-sensibilizacao-animal\/#article","isPartOf":{"@id":"https:\/\/www.altominho.tv\/site\/2018\/03\/05\/cerveira-saudavel-2018-propoe-caminhos-de-santiago-trilhos-danca-remo-e-acao-de-sensibilizacao-animal\/"},"author":{"name":"C\u00e1tia Malheiro","@id":"https:\/\/www.altominho.tv\/site\/#\/schema\/person\/5c9404a8b438614c93da6ca09db92574"},"headline":"\u2018Cerveira Saud\u00e1vel\u2019 2018 prop\u00f5e Caminhos de Santiago, trilhos, dan\u00e7a, remo e a\u00e7\u00e3o de sensibiliza\u00e7\u00e3o animal","datePublished":"2018-03-05T12:51:47+00:00","mainEntityOfPage":{"@id":"https:\/\/www.altominho.tv\/site\/2018\/03\/05\/cerveira-saudavel-2018-propoe-caminhos-de-santiago-trilhos-danca-remo-e-acao-de-sensibilizacao-animal\/"},"wordCount":319,"image":{"@id":"https:\/\/www.altominho.tv\/site\/2018\/03\/05\/cerveira-saudavel-2018-propoe-caminhos-de-santiago-trilhos-danca-remo-e-acao-de-sensibilizacao-animal\/#primaryimage"},"thumbnailUrl":"https:\/\/www.altominho.tv\/site\/wp-content\/uploads\/2018\/03\/cerv.jpeg","keywords":["Desporto","Lazer"],"articleSection":["Vila Nova de Cerveira"],"inLanguage":"pt-PT","copyrightYear":"2018","copyrightHolder":{"@id":"https:\/\/www.altominho.tv\/site\/#organization"}},{"@type":"WebPage","@id":"https:\/\/www.altominho.tv\/site\/2018\/03\/05\/cerveira-saudavel-2018-propoe-caminhos-de-santiago-trilhos-danca-remo-e-acao-de-sensibilizacao-animal\/","url":"https:\/\/www.altominho.tv\/site\/2018\/03\/05\/cerveira-saudavel-2018-propoe-caminhos-de-santiago-trilhos-danca-remo-e-acao-de-sensibilizacao-animal\/","name":"\u2018Cerveira Saud\u00e1vel\u2019 2018 prop\u00f5e Caminhos de Santiago, trilhos, dan\u00e7a, remo e a\u00e7\u00e3o de sensibiliza\u00e7\u00e3o animal","isPartOf":{"@id":"https:\/\/www.altominho.tv\/site\/#website"},"primaryImageOfPage":{"@id":"https:\/\/www.altominho.tv\/site\/2018\/03\/05\/cerveira-saudavel-2018-propoe-caminhos-de-santiago-trilhos-danca-remo-e-acao-de-sensibilizacao-animal\/#primaryimage"},"image":{"@id":"https:\/\/www.altominho.tv\/site\/2018\/03\/05\/cerveira-saudavel-2018-propoe-caminhos-de-santiago-trilhos-danca-remo-e-acao-de-sensibilizacao-animal\/#primaryimage"},"thumbnailUrl":"https:\/\/www.altominho.tv\/site\/wp-content\/uploads\/2018\/03\/cerv.jpeg","datePublished":"2018-03-05T12:51:47+00:00","author":{"@id":"https:\/\/www.altominho.tv\/site\/#\/schema\/person\/5c9404a8b438614c93da6ca09db92574"},"breadcrumb":{"@id":"https:\/\/www.altominho.tv\/site\/2018\/03\/05\/cerveira-saudavel-2018-propoe-caminhos-de-santiago-trilhos-danca-remo-e-acao-de-sensibilizacao-animal\/#breadcrumb"},"inLanguage":"pt-PT","potentialAction":[{"@type":"ReadAction","target":["https:\/\/www.altominho.tv\/site\/2018\/03\/05\/cerveira-saudavel-2018-propoe-caminhos-de-santiago-trilhos-danca-remo-e-acao-de-sensibilizacao-animal\/"]}]},{"@type":"ImageObject","inLanguage":"pt-PT","@id":"https:\/\/www.altominho.tv\/site\/2018\/03\/05\/cerveira-saudavel-2018-propoe-caminhos-de-santiago-trilhos-danca-remo-e-acao-de-sensibilizacao-animal\/#primaryimage","url":"https:\/\/www.altominho.tv\/site\/wp-content\/uploads\/2018\/03\/cerv.jpeg","contentUrl":"https:\/\/www.altominho.tv\/site\/wp-content\/uploads\/2018\/03\/cerv.jpeg","width":580,"height":387},{"@type":"BreadcrumbList","@id":"https:\/\/www.altominho.tv\/site\/2018\/03\/05\/cerveira-saudavel-2018-propoe-caminhos-de-santiago-trilhos-danca-remo-e-acao-de-sensibilizacao-animal\/#breadcrumb","itemListElement":[{"@type":"ListItem","position":1,"name":"In\u00edcio","item":"https:\/\/www.altominho.tv\/site\/"},{"@type":"ListItem","position":2,"name":"\u2018Cerveira Saud\u00e1vel\u2019 2018 prop\u00f5e Caminhos de Santiago, trilhos, dan\u00e7a, remo e a\u00e7\u00e3o de sensibiliza\u00e7\u00e3o animal"}]},{"@type":"WebSite","@id":"https:\/\/www.altominho.tv\/site\/#website","url":"https:\/\/www.altominho.tv\/site\/","name":"Altominho.tv","description":"A sua regi\u00e3o \u00e0 dist\u00e2ncia de um clique...","potentialAction":[{"@type":"SearchAction","target":{"@type":"EntryPoint","urlTemplate":"https:\/\/www.altominho.tv\/site\/?s={search_term_string}"},"query-input":{"@type":"PropertyValueSpecification","valueRequired":true,"valueName":"search_term_string"}}],"inLanguage":"pt-PT"},{"@type":"Person","@id":"https:\/\/www.altominho.tv\/site\/#\/schema\/person\/5c9404a8b438614c93da6ca09db92574","name":"C\u00e1tia Malheiro","image":{"@type":"ImageObject","inLanguage":"pt-PT","@id":"https:\/\/www.altominho.tv\/site\/wp-content\/uploads\/2017\/11\/Catia_Malheiro-150x150.jpg","url":"https:\/\/www.altominho.tv\/site\/wp-content\/uploads\/2017\/11\/Catia_Malheiro-150x150.jpg","contentUrl":"https:\/\/www.altominho.tv\/site\/wp-content\/uploads\/2017\/11\/Catia_Malheiro-150x150.jpg","caption":"C\u00e1tia Malheiro"},"url":"https:\/\/www.altominho.tv\/site\/author\/catiamalheiro\/"}]}},"_links":{"self":[{"href":"https:\/\/www.altominho.tv\/site\/wp-json\/wp\/v2\/posts\/10326","targetHints":{"allow":["GET"]}}],"collection":[{"href":"https:\/\/www.altominho.tv\/site\/wp-json\/wp\/v2\/posts"}],"about":[{"href":"https:\/\/www.altominho.tv\/site\/wp-json\/wp\/v2\/types\/post"}],"author":[{"embeddable":true,"href":"https:\/\/www.altominho.tv\/site\/wp-json\/wp\/v2\/users\/6"}],"replies":[{"embeddable":true,"href":"https:\/\/www.altominho.tv\/site\/wp-json\/wp\/v2\/comments?post=10326"}],"version-history":[{"count":0,"href":"https:\/\/www.altominho.tv\/site\/wp-json\/wp\/v2\/posts\/10326\/revisions"}],"wp:featuredmedia":[{"embeddable":true,"href":"https:\/\/www.altominho.tv\/site\/wp-json\/wp\/v2\/media\/10327"}],"wp:attachment":[{"href":"https:\/\/www.altominho.tv\/site\/wp-json\/wp\/v2\/media?parent=10326"}],"wp:term":[{"taxonomy":"category","embeddable":true,"href":"https:\/\/www.altominho.tv\/site\/wp-json\/wp\/v2\/categories?post=10326"},{"taxonomy":"post_tag","embeddable":true,"href":"https:\/\/www.altominho.tv\/site\/wp-json\/wp\/v2\/tags?post=10326"}],"curies":[{"name":"wp","href":"https:\/\/api.w.org\/{rel}","templated":true}]}}