{"id":10243,"date":"2018-03-01T15:41:47","date_gmt":"2018-03-01T15:41:47","guid":{"rendered":"http:\/\/www.altominho.tv\/site\/?p=10243"},"modified":"2018-03-01T15:41:47","modified_gmt":"2018-03-01T15:41:47","slug":"centro-para-criancas-em-risco-fecha-em-caminha-por-dividas-de-400-mil-euros","status":"publish","type":"post","link":"https:\/\/www.altominho.tv\/site\/2018\/03\/01\/centro-para-criancas-em-risco-fecha-em-caminha-por-dividas-de-400-mil-euros\/","title":{"rendered":"Centro para crian\u00e7as em risco fecha em Caminha por d\u00edvidas de 400 mil euros"},"content":{"rendered":"<p>O Centro de Acolhimento Tempor\u00e1rio (CAT) para crian\u00e7as e jovens em risco de Seixas, em Caminha, vai encerrar &#8220;dentro de 120 dias&#8221; devido a um d\u00e9fice que j\u00e1 ultrapassou 400 mil euros, informou hoje a associa\u00e7\u00e3o respons\u00e1vel pela estrutura.<\/p>\n<p>Em declara\u00e7\u00f5es hoje \u00e0 ag\u00eancia Lusa, o presidente da Associa\u00e7\u00e3o Portuguesa de Pais e Amigos do Cidad\u00e3o Deficiente Mental (APPACDM) de Viana do Castelo, Luiz Costa, explicou que o CAT Benjamim &#8220;\u00e9 a \u00fanica resposta da institui\u00e7\u00e3o que n\u00e3o \u00e9 vocacionada para a \u00e1rea da defici\u00eancia e que acumulou, desde 2008 um d\u00e9fice cr\u00f3nico&#8221;.<\/p>\n<blockquote><p>&#8220;S\u00f3 em sal\u00e1rios dos 15 trabalhadores a institui\u00e7\u00e3o paga 220 mil euros por ano. Por ano, o subs\u00eddio da Seguran\u00e7a Social ronda os 186 mil euros. A Seguran\u00e7a Social paga o que tem de pagar mas a estrutura, devido \u00e0 sua reduzida dimens\u00e3o, com capacidade para acolher 12 crian\u00e7as e jovens em risco, n\u00e3o \u00e9 economicamente vi\u00e1vel&#8221;, explicou o respons\u00e1vel.<\/p><\/blockquote>\n<p>Luiz Costa revelou que &#8220;as crian\u00e7as e jovens em risco, atualmente a residir naquele centro v\u00e3o ser encaminhadas para a resposta mais pr\u00f3xima&#8221;, adiantando que &#8220;no distrito de Viana do Castelo h\u00e1 outros CAT com vagas para os acolher&#8221;.<\/p>\n<p>O respons\u00e1vel adiantou que a dire\u00e7\u00e3o da APPACDM de Viana do Castelo vai reunir-se \u201cainda hoje\u201d em Caminha com os 15 trabalhadores para lhes comunicar o encerramento, que dever\u00e1 ocorrer no prazo de 120 dias&#8221;. Tal decis\u00e3o j\u00e1 foi entretanto \u00e0 Seguran\u00e7a Social.<\/p>\n<p>Luiz Costa afirmou que &#8220;alguns trabalhadores ser\u00e3o recolocados noutras respostas que a institui\u00e7\u00e3o tem no Alto Minho, sendo que &#8220;com outros ser\u00e1 negociado o despedimento&#8221;.<\/p>\n<p>Sem especificar o n\u00famero de trabalhadores naquela situa\u00e7\u00e3o, Luiz Costa referiu que a APPACDM &#8220;n\u00e3o tem necessidade de absorver os 15 funcion\u00e1rios&#8221; ao servi\u00e7o daquele CAT.<\/p>\n<p>Em 2008 e 2011 a estrutura esteve para fechar, pelas mesmas raz\u00f5es, por se tratar de um edif\u00edcio &#8220;com problemas estruturais e que n\u00e3o permite obras de alargamento&#8221;, mas a decis\u00e3o acabou por adiada.<\/p>\n<blockquote><p>&#8220;Andamos dez anos a gastar dinheiro numa estrutura que n\u00e3o faz parte da nossa voca\u00e7\u00e3o. Dinheiro que poder\u00edamos ter investido na \u00e1rea da defici\u00eancia. A APPACDM vai investir 150 mil euros na readapta\u00e7\u00e3o de um edif\u00edcio, em Ponte de Lima, para funcionar como lar. Os mais de 420 mil euros esbanjados nestes dez anos davam para fazer mais quase tr\u00eas novos lares de apoio \u00e0 popula\u00e7\u00e3o com defici\u00eancia na regi\u00e3o&#8221;, destacou.<\/p><\/blockquote>\n<p>Em nota enviada \u00e0 imprensa, o PSD de Caminha disse tratar-se &#8220;de mais um encerramento que marcar\u00e1 a carreira pol\u00edtica do atual presidente da C\u00e2mara&#8221;.<\/p>\n<p>&#8220;Este encerramento poder\u00e1 acarretar o fim da escola prim\u00e1ria de Seixas que acolhia meninos do CAT e que ficar\u00e1 sem o r\u00e1cio para manter as portas abertas. Acarretar\u00e1 desemprego e a deslocaliza\u00e7\u00e3o das crian\u00e7as que tinham nas funcion\u00e1rias a sua fam\u00edlia de cora\u00e7\u00e3o&#8221;, sustenta o PSD.<\/p>\n<p>Na resposta, o autarca Miguel Alves disse estar a &#8220;acompanhar&#8221; o caso, tendo &#8220;j\u00e1 reunido com o presidente da APPACDM e com os representantes dos trabalhadores e estar em di\u00e1logo com Seguran\u00e7a Social e com a Junta de Freguesia de Seixas&#8221;.<\/p>\n<blockquote><p>&#8220;Estamos preocupados e apreensivos mas temos um compromisso, com todas as partes, de n\u00e3o trazermos a discuss\u00e3o para a pra\u00e7a p\u00fablica at\u00e9 que n\u00e3o ocorram um conjunto de reuni\u00f5es que est\u00e3o previstas&#8221;.<\/p><\/blockquote>\n<p>Miguel Alves frisou que ir\u00e1 &#8220;honrar&#8221; esse compromisso e adiantou que o munic\u00edpio &#8220;far\u00e1 tudo o que estiver ao seu alcance para evitar o encerramento deste equipamento em Seixas&#8221;.<\/p>\n<blockquote><p>&#8220;N\u00e3o faremos demagogia barata sobre uma quest\u00e3o social t\u00e3o relevante. No tempo certo, o munic\u00edpio ter\u00e1 uma pron\u00fancia p\u00fablica sobre o assunto&#8221;, frisou.<\/p><\/blockquote>\n","protected":false},"excerpt":{"rendered":"<p>O Centro de Acolhimento Tempor\u00e1rio (CAT) para crian\u00e7as e jovens em risco de Seixas, em Caminha, vai encerrar &#8220;dentro de 120 dias&#8221; devido a um d\u00e9fice que j\u00e1 ultrapassou 400 mil euros, informou hoje a associa\u00e7\u00e3o respons\u00e1vel pela estrutura. Em declara\u00e7\u00f5es hoje \u00e0 ag\u00eancia Lusa, o presidente da Associa\u00e7\u00e3o Portuguesa de Pais e Amigos do [&hellip;]<\/p>\n","protected":false},"author":6,"featured_media":10244,"comment_status":"closed","ping_status":"closed","sticky":false,"template":"","format":"standard","meta":{"_exactmetrics_skip_tracking":false,"_exactmetrics_sitenote_active":false,"_exactmetrics_sitenote_note":"","_exactmetrics_sitenote_category":0,"footnotes":""},"categories":[7],"tags":[27],"class_list":["post-10243","post","type-post","status-publish","format-standard","has-post-thumbnail","hentry","category-caminha","tag-sociedade"],"yoast_head":"<!-- This site is optimized with the Yoast SEO Premium plugin v27.5 (Yoast SEO v27.5) - https:\/\/yoast.com\/product\/yoast-seo-premium-wordpress\/ -->\n<title>Centro para crian\u00e7as em risco fecha em Caminha por d\u00edvidas de 400 mil euros<\/title>\n<meta name=\"robots\" content=\"index, follow, max-snippet:-1, max-image-preview:large, max-video-preview:-1\" \/>\n<link rel=\"canonical\" href=\"https:\/\/www.altominho.tv\/site\/2018\/03\/01\/centro-para-criancas-em-risco-fecha-em-caminha-por-dividas-de-400-mil-euros\/\" \/>\n<meta property=\"og:locale\" content=\"pt_PT\" \/>\n<meta property=\"og:type\" content=\"article\" \/>\n<meta property=\"og:title\" content=\"Centro para crian\u00e7as em risco fecha em Caminha por d\u00edvidas de 400 mil euros\" \/>\n<meta property=\"og:description\" content=\"O Centro de Acolhimento Tempor\u00e1rio (CAT) para crian\u00e7as e jovens em risco de Seixas, em Caminha, vai encerrar &#8220;dentro de 120 dias&#8221; devido a um d\u00e9fice que j\u00e1 ultrapassou 400 mil euros, informou hoje a associa\u00e7\u00e3o respons\u00e1vel pela estrutura. Em declara\u00e7\u00f5es hoje \u00e0 ag\u00eancia Lusa, o presidente da Associa\u00e7\u00e3o Portuguesa de Pais e Amigos do [&hellip;]\" \/>\n<meta property=\"og:url\" content=\"https:\/\/www.altominho.tv\/site\/2018\/03\/01\/centro-para-criancas-em-risco-fecha-em-caminha-por-dividas-de-400-mil-euros\/\" \/>\n<meta property=\"og:site_name\" content=\"Altominho.tv\" \/>\n<meta property=\"article:publisher\" content=\"https:\/\/www.facebook.com\/altominhotv\" \/>\n<meta property=\"article:published_time\" content=\"2018-03-01T15:41:47+00:00\" \/>\n<meta property=\"og:image\" content=\"https:\/\/www.altominho.tv\/site\/wp-content\/uploads\/2018\/03\/a.jpg\" \/>\n\t<meta property=\"og:image:width\" content=\"2816\" \/>\n\t<meta property=\"og:image:height\" content=\"1880\" \/>\n\t<meta property=\"og:image:type\" content=\"image\/jpeg\" \/>\n<meta name=\"author\" content=\"C\u00e1tia Malheiro\" \/>\n<meta name=\"twitter:card\" content=\"summary_large_image\" \/>\n<meta name=\"twitter:creator\" content=\"@altominhoTV\" \/>\n<meta name=\"twitter:site\" content=\"@altominhoTV\" \/>\n<meta name=\"twitter:label1\" content=\"Escrito por\" \/>\n\t<meta name=\"twitter:data1\" content=\"C\u00e1tia Malheiro\" \/>\n\t<meta name=\"twitter:label2\" content=\"Tempo estimado de leitura\" \/>\n\t<meta name=\"twitter:data2\" content=\"3 minutos\" \/>\n<script type=\"application\/ld+json\" class=\"yoast-schema-graph\">{\"@context\":\"https:\\\/\\\/schema.org\",\"@graph\":[{\"@type\":\"Article\",\"@id\":\"https:\\\/\\\/www.altominho.tv\\\/site\\\/2018\\\/03\\\/01\\\/centro-para-criancas-em-risco-fecha-em-caminha-por-dividas-de-400-mil-euros\\\/#article\",\"isPartOf\":{\"@id\":\"https:\\\/\\\/www.altominho.tv\\\/site\\\/2018\\\/03\\\/01\\\/centro-para-criancas-em-risco-fecha-em-caminha-por-dividas-de-400-mil-euros\\\/\"},\"author\":{\"name\":\"C\u00e1tia Malheiro\",\"@id\":\"https:\\\/\\\/www.altominho.tv\\\/site\\\/#\\\/schema\\\/person\\\/5c9404a8b438614c93da6ca09db92574\"},\"headline\":\"Centro para crian\u00e7as em risco fecha em Caminha por d\u00edvidas de 400 mil euros\",\"datePublished\":\"2018-03-01T15:41:47+00:00\",\"mainEntityOfPage\":{\"@id\":\"https:\\\/\\\/www.altominho.tv\\\/site\\\/2018\\\/03\\\/01\\\/centro-para-criancas-em-risco-fecha-em-caminha-por-dividas-de-400-mil-euros\\\/\"},\"wordCount\":657,\"image\":{\"@id\":\"https:\\\/\\\/www.altominho.tv\\\/site\\\/2018\\\/03\\\/01\\\/centro-para-criancas-em-risco-fecha-em-caminha-por-dividas-de-400-mil-euros\\\/#primaryimage\"},\"thumbnailUrl\":\"https:\\\/\\\/www.altominho.tv\\\/site\\\/wp-content\\\/uploads\\\/2018\\\/03\\\/a.jpg\",\"keywords\":[\"Sociedade\"],\"articleSection\":[\"Caminha\"],\"inLanguage\":\"pt-PT\",\"copyrightYear\":\"2018\",\"copyrightHolder\":{\"@id\":\"https:\\\/\\\/www.altominho.tv\\\/site\\\/#organization\"}},{\"@type\":\"WebPage\",\"@id\":\"https:\\\/\\\/www.altominho.tv\\\/site\\\/2018\\\/03\\\/01\\\/centro-para-criancas-em-risco-fecha-em-caminha-por-dividas-de-400-mil-euros\\\/\",\"url\":\"https:\\\/\\\/www.altominho.tv\\\/site\\\/2018\\\/03\\\/01\\\/centro-para-criancas-em-risco-fecha-em-caminha-por-dividas-de-400-mil-euros\\\/\",\"name\":\"Centro para crian\u00e7as em risco fecha em Caminha por d\u00edvidas de 400 mil euros\",\"isPartOf\":{\"@id\":\"https:\\\/\\\/www.altominho.tv\\\/site\\\/#website\"},\"primaryImageOfPage\":{\"@id\":\"https:\\\/\\\/www.altominho.tv\\\/site\\\/2018\\\/03\\\/01\\\/centro-para-criancas-em-risco-fecha-em-caminha-por-dividas-de-400-mil-euros\\\/#primaryimage\"},\"image\":{\"@id\":\"https:\\\/\\\/www.altominho.tv\\\/site\\\/2018\\\/03\\\/01\\\/centro-para-criancas-em-risco-fecha-em-caminha-por-dividas-de-400-mil-euros\\\/#primaryimage\"},\"thumbnailUrl\":\"https:\\\/\\\/www.altominho.tv\\\/site\\\/wp-content\\\/uploads\\\/2018\\\/03\\\/a.jpg\",\"datePublished\":\"2018-03-01T15:41:47+00:00\",\"author\":{\"@id\":\"https:\\\/\\\/www.altominho.tv\\\/site\\\/#\\\/schema\\\/person\\\/5c9404a8b438614c93da6ca09db92574\"},\"breadcrumb\":{\"@id\":\"https:\\\/\\\/www.altominho.tv\\\/site\\\/2018\\\/03\\\/01\\\/centro-para-criancas-em-risco-fecha-em-caminha-por-dividas-de-400-mil-euros\\\/#breadcrumb\"},\"inLanguage\":\"pt-PT\",\"potentialAction\":[{\"@type\":\"ReadAction\",\"target\":[\"https:\\\/\\\/www.altominho.tv\\\/site\\\/2018\\\/03\\\/01\\\/centro-para-criancas-em-risco-fecha-em-caminha-por-dividas-de-400-mil-euros\\\/\"]}]},{\"@type\":\"ImageObject\",\"inLanguage\":\"pt-PT\",\"@id\":\"https:\\\/\\\/www.altominho.tv\\\/site\\\/2018\\\/03\\\/01\\\/centro-para-criancas-em-risco-fecha-em-caminha-por-dividas-de-400-mil-euros\\\/#primaryimage\",\"url\":\"https:\\\/\\\/www.altominho.tv\\\/site\\\/wp-content\\\/uploads\\\/2018\\\/03\\\/a.jpg\",\"contentUrl\":\"https:\\\/\\\/www.altominho.tv\\\/site\\\/wp-content\\\/uploads\\\/2018\\\/03\\\/a.jpg\",\"width\":2816,\"height\":1880},{\"@type\":\"BreadcrumbList\",\"@id\":\"https:\\\/\\\/www.altominho.tv\\\/site\\\/2018\\\/03\\\/01\\\/centro-para-criancas-em-risco-fecha-em-caminha-por-dividas-de-400-mil-euros\\\/#breadcrumb\",\"itemListElement\":[{\"@type\":\"ListItem\",\"position\":1,\"name\":\"In\u00edcio\",\"item\":\"https:\\\/\\\/www.altominho.tv\\\/site\\\/\"},{\"@type\":\"ListItem\",\"position\":2,\"name\":\"Centro para crian\u00e7as em risco fecha em Caminha por d\u00edvidas de 400 mil euros\"}]},{\"@type\":\"WebSite\",\"@id\":\"https:\\\/\\\/www.altominho.tv\\\/site\\\/#website\",\"url\":\"https:\\\/\\\/www.altominho.tv\\\/site\\\/\",\"name\":\"Altominho.tv\",\"description\":\"A sua regi\u00e3o \u00e0 dist\u00e2ncia de um clique...\",\"potentialAction\":[{\"@type\":\"SearchAction\",\"target\":{\"@type\":\"EntryPoint\",\"urlTemplate\":\"https:\\\/\\\/www.altominho.tv\\\/site\\\/?s={search_term_string}\"},\"query-input\":{\"@type\":\"PropertyValueSpecification\",\"valueRequired\":true,\"valueName\":\"search_term_string\"}}],\"inLanguage\":\"pt-PT\"},{\"@type\":\"Person\",\"@id\":\"https:\\\/\\\/www.altominho.tv\\\/site\\\/#\\\/schema\\\/person\\\/5c9404a8b438614c93da6ca09db92574\",\"name\":\"C\u00e1tia Malheiro\",\"image\":{\"@type\":\"ImageObject\",\"inLanguage\":\"pt-PT\",\"@id\":\"https:\\\/\\\/www.altominho.tv\\\/site\\\/wp-content\\\/uploads\\\/2017\\\/11\\\/Catia_Malheiro-150x150.jpg\",\"url\":\"https:\\\/\\\/www.altominho.tv\\\/site\\\/wp-content\\\/uploads\\\/2017\\\/11\\\/Catia_Malheiro-150x150.jpg\",\"contentUrl\":\"https:\\\/\\\/www.altominho.tv\\\/site\\\/wp-content\\\/uploads\\\/2017\\\/11\\\/Catia_Malheiro-150x150.jpg\",\"caption\":\"C\u00e1tia Malheiro\"},\"url\":\"https:\\\/\\\/www.altominho.tv\\\/site\\\/author\\\/catiamalheiro\\\/\"}]}<\/script>\n<!-- \/ Yoast SEO Premium plugin. -->","yoast_head_json":{"title":"Centro para crian\u00e7as em risco fecha em Caminha por d\u00edvidas de 400 mil euros","robots":{"index":"index","follow":"follow","max-snippet":"max-snippet:-1","max-image-preview":"max-image-preview:large","max-video-preview":"max-video-preview:-1"},"canonical":"https:\/\/www.altominho.tv\/site\/2018\/03\/01\/centro-para-criancas-em-risco-fecha-em-caminha-por-dividas-de-400-mil-euros\/","og_locale":"pt_PT","og_type":"article","og_title":"Centro para crian\u00e7as em risco fecha em Caminha por d\u00edvidas de 400 mil euros","og_description":"O Centro de Acolhimento Tempor\u00e1rio (CAT) para crian\u00e7as e jovens em risco de Seixas, em Caminha, vai encerrar &#8220;dentro de 120 dias&#8221; devido a um d\u00e9fice que j\u00e1 ultrapassou 400 mil euros, informou hoje a associa\u00e7\u00e3o respons\u00e1vel pela estrutura. Em declara\u00e7\u00f5es hoje \u00e0 ag\u00eancia Lusa, o presidente da Associa\u00e7\u00e3o Portuguesa de Pais e Amigos do [&hellip;]","og_url":"https:\/\/www.altominho.tv\/site\/2018\/03\/01\/centro-para-criancas-em-risco-fecha-em-caminha-por-dividas-de-400-mil-euros\/","og_site_name":"Altominho.tv","article_publisher":"https:\/\/www.facebook.com\/altominhotv","article_published_time":"2018-03-01T15:41:47+00:00","og_image":[{"width":2816,"height":1880,"url":"https:\/\/www.altominho.tv\/site\/wp-content\/uploads\/2018\/03\/a.jpg","type":"image\/jpeg"}],"author":"C\u00e1tia Malheiro","twitter_card":"summary_large_image","twitter_creator":"@altominhoTV","twitter_site":"@altominhoTV","twitter_misc":{"Escrito por":"C\u00e1tia Malheiro","Tempo estimado de leitura":"3 minutos"},"schema":{"@context":"https:\/\/schema.org","@graph":[{"@type":"Article","@id":"https:\/\/www.altominho.tv\/site\/2018\/03\/01\/centro-para-criancas-em-risco-fecha-em-caminha-por-dividas-de-400-mil-euros\/#article","isPartOf":{"@id":"https:\/\/www.altominho.tv\/site\/2018\/03\/01\/centro-para-criancas-em-risco-fecha-em-caminha-por-dividas-de-400-mil-euros\/"},"author":{"name":"C\u00e1tia Malheiro","@id":"https:\/\/www.altominho.tv\/site\/#\/schema\/person\/5c9404a8b438614c93da6ca09db92574"},"headline":"Centro para crian\u00e7as em risco fecha em Caminha por d\u00edvidas de 400 mil euros","datePublished":"2018-03-01T15:41:47+00:00","mainEntityOfPage":{"@id":"https:\/\/www.altominho.tv\/site\/2018\/03\/01\/centro-para-criancas-em-risco-fecha-em-caminha-por-dividas-de-400-mil-euros\/"},"wordCount":657,"image":{"@id":"https:\/\/www.altominho.tv\/site\/2018\/03\/01\/centro-para-criancas-em-risco-fecha-em-caminha-por-dividas-de-400-mil-euros\/#primaryimage"},"thumbnailUrl":"https:\/\/www.altominho.tv\/site\/wp-content\/uploads\/2018\/03\/a.jpg","keywords":["Sociedade"],"articleSection":["Caminha"],"inLanguage":"pt-PT","copyrightYear":"2018","copyrightHolder":{"@id":"https:\/\/www.altominho.tv\/site\/#organization"}},{"@type":"WebPage","@id":"https:\/\/www.altominho.tv\/site\/2018\/03\/01\/centro-para-criancas-em-risco-fecha-em-caminha-por-dividas-de-400-mil-euros\/","url":"https:\/\/www.altominho.tv\/site\/2018\/03\/01\/centro-para-criancas-em-risco-fecha-em-caminha-por-dividas-de-400-mil-euros\/","name":"Centro para crian\u00e7as em risco fecha em Caminha por d\u00edvidas de 400 mil euros","isPartOf":{"@id":"https:\/\/www.altominho.tv\/site\/#website"},"primaryImageOfPage":{"@id":"https:\/\/www.altominho.tv\/site\/2018\/03\/01\/centro-para-criancas-em-risco-fecha-em-caminha-por-dividas-de-400-mil-euros\/#primaryimage"},"image":{"@id":"https:\/\/www.altominho.tv\/site\/2018\/03\/01\/centro-para-criancas-em-risco-fecha-em-caminha-por-dividas-de-400-mil-euros\/#primaryimage"},"thumbnailUrl":"https:\/\/www.altominho.tv\/site\/wp-content\/uploads\/2018\/03\/a.jpg","datePublished":"2018-03-01T15:41:47+00:00","author":{"@id":"https:\/\/www.altominho.tv\/site\/#\/schema\/person\/5c9404a8b438614c93da6ca09db92574"},"breadcrumb":{"@id":"https:\/\/www.altominho.tv\/site\/2018\/03\/01\/centro-para-criancas-em-risco-fecha-em-caminha-por-dividas-de-400-mil-euros\/#breadcrumb"},"inLanguage":"pt-PT","potentialAction":[{"@type":"ReadAction","target":["https:\/\/www.altominho.tv\/site\/2018\/03\/01\/centro-para-criancas-em-risco-fecha-em-caminha-por-dividas-de-400-mil-euros\/"]}]},{"@type":"ImageObject","inLanguage":"pt-PT","@id":"https:\/\/www.altominho.tv\/site\/2018\/03\/01\/centro-para-criancas-em-risco-fecha-em-caminha-por-dividas-de-400-mil-euros\/#primaryimage","url":"https:\/\/www.altominho.tv\/site\/wp-content\/uploads\/2018\/03\/a.jpg","contentUrl":"https:\/\/www.altominho.tv\/site\/wp-content\/uploads\/2018\/03\/a.jpg","width":2816,"height":1880},{"@type":"BreadcrumbList","@id":"https:\/\/www.altominho.tv\/site\/2018\/03\/01\/centro-para-criancas-em-risco-fecha-em-caminha-por-dividas-de-400-mil-euros\/#breadcrumb","itemListElement":[{"@type":"ListItem","position":1,"name":"In\u00edcio","item":"https:\/\/www.altominho.tv\/site\/"},{"@type":"ListItem","position":2,"name":"Centro para crian\u00e7as em risco fecha em Caminha por d\u00edvidas de 400 mil euros"}]},{"@type":"WebSite","@id":"https:\/\/www.altominho.tv\/site\/#website","url":"https:\/\/www.altominho.tv\/site\/","name":"Altominho.tv","description":"A sua regi\u00e3o \u00e0 dist\u00e2ncia de um clique...","potentialAction":[{"@type":"SearchAction","target":{"@type":"EntryPoint","urlTemplate":"https:\/\/www.altominho.tv\/site\/?s={search_term_string}"},"query-input":{"@type":"PropertyValueSpecification","valueRequired":true,"valueName":"search_term_string"}}],"inLanguage":"pt-PT"},{"@type":"Person","@id":"https:\/\/www.altominho.tv\/site\/#\/schema\/person\/5c9404a8b438614c93da6ca09db92574","name":"C\u00e1tia Malheiro","image":{"@type":"ImageObject","inLanguage":"pt-PT","@id":"https:\/\/www.altominho.tv\/site\/wp-content\/uploads\/2017\/11\/Catia_Malheiro-150x150.jpg","url":"https:\/\/www.altominho.tv\/site\/wp-content\/uploads\/2017\/11\/Catia_Malheiro-150x150.jpg","contentUrl":"https:\/\/www.altominho.tv\/site\/wp-content\/uploads\/2017\/11\/Catia_Malheiro-150x150.jpg","caption":"C\u00e1tia Malheiro"},"url":"https:\/\/www.altominho.tv\/site\/author\/catiamalheiro\/"}]}},"_links":{"self":[{"href":"https:\/\/www.altominho.tv\/site\/wp-json\/wp\/v2\/posts\/10243","targetHints":{"allow":["GET"]}}],"collection":[{"href":"https:\/\/www.altominho.tv\/site\/wp-json\/wp\/v2\/posts"}],"about":[{"href":"https:\/\/www.altominho.tv\/site\/wp-json\/wp\/v2\/types\/post"}],"author":[{"embeddable":true,"href":"https:\/\/www.altominho.tv\/site\/wp-json\/wp\/v2\/users\/6"}],"replies":[{"embeddable":true,"href":"https:\/\/www.altominho.tv\/site\/wp-json\/wp\/v2\/comments?post=10243"}],"version-history":[{"count":0,"href":"https:\/\/www.altominho.tv\/site\/wp-json\/wp\/v2\/posts\/10243\/revisions"}],"wp:featuredmedia":[{"embeddable":true,"href":"https:\/\/www.altominho.tv\/site\/wp-json\/wp\/v2\/media\/10244"}],"wp:attachment":[{"href":"https:\/\/www.altominho.tv\/site\/wp-json\/wp\/v2\/media?parent=10243"}],"wp:term":[{"taxonomy":"category","embeddable":true,"href":"https:\/\/www.altominho.tv\/site\/wp-json\/wp\/v2\/categories?post=10243"},{"taxonomy":"post_tag","embeddable":true,"href":"https:\/\/www.altominho.tv\/site\/wp-json\/wp\/v2\/tags?post=10243"}],"curies":[{"name":"wp","href":"https:\/\/api.w.org\/{rel}","templated":true}]}}