{"id":10222,"date":"2018-03-01T09:50:14","date_gmt":"2018-03-01T09:50:14","guid":{"rendered":"http:\/\/www.altominho.tv\/site\/?p=10222"},"modified":"2018-03-01T09:50:14","modified_gmt":"2018-03-01T09:50:14","slug":"segunda-fase-do-reforco-da-rede-movel-e-da-rede-wi-fi-em-fase-de-conclusao","status":"publish","type":"post","link":"https:\/\/www.altominho.tv\/site\/2018\/03\/01\/segunda-fase-do-reforco-da-rede-movel-e-da-rede-wi-fi-em-fase-de-conclusao\/","title":{"rendered":"Segunda fase do refor\u00e7o da rede m\u00f3vel e da rede &#8216;wi-fi&#8217; em fase de conclus\u00e3o"},"content":{"rendered":"<p>A C\u00e2mara de Caminha informou que se encontram em fase de conclus\u00e3o os trabalhos da segunda fase de instala\u00e7\u00e3o dos equipamentos de refor\u00e7o da rede m\u00f3vel e da rede \u2018wi-fi\u2019 em Arga de Cima, Arga de S\u00e3o Jo\u00e3o, Arga de Baixo e Dem.<\/p>\n<p>Segundo a autarquia, a Serra d\u2019Arga \u201cpassa a estar ligada ao mundo com rede m\u00f3vel 3G, fruto de um protocolo celebrado com a Vodafone Portugal, bem como de wi-fi, Internet gratuita para todos, por vontade da popula\u00e7\u00e3o e da c\u00e2mara, j\u00e1 que este foi um investimento realizado no \u00e2mbito do Or\u00e7amento Participativo (OP), num montante superior a 45 mil euros&#8221;.<\/p>\n","protected":false},"excerpt":{"rendered":"<p>A C\u00e2mara de Caminha informou que se encontram em fase de conclus\u00e3o os trabalhos da segunda fase de instala\u00e7\u00e3o dos equipamentos de refor\u00e7o da rede m\u00f3vel e da rede \u2018wi-fi\u2019 em Arga de Cima, Arga de S\u00e3o Jo\u00e3o, Arga de Baixo e Dem. Segundo a autarquia, a Serra d\u2019Arga \u201cpassa a estar ligada ao mundo [&hellip;]<\/p>\n","protected":false},"author":7,"featured_media":10223,"comment_status":"closed","ping_status":"closed","sticky":false,"template":"","format":"standard","meta":{"_exactmetrics_skip_tracking":false,"_exactmetrics_sitenote_active":false,"_exactmetrics_sitenote_note":"","_exactmetrics_sitenote_category":0,"footnotes":""},"categories":[7],"tags":[27],"class_list":["post-10222","post","type-post","status-publish","format-standard","has-post-thumbnail","hentry","category-caminha","tag-sociedade"],"yoast_head":"<!-- This site is optimized with the Yoast SEO Premium plugin v27.5 (Yoast SEO v27.5) - https:\/\/yoast.com\/product\/yoast-seo-premium-wordpress\/ -->\n<title>Segunda fase do refor\u00e7o da rede m\u00f3vel e da rede &#039;wi-fi&#039; em fase de conclus\u00e3o<\/title>\n<meta name=\"robots\" content=\"index, follow, max-snippet:-1, max-image-preview:large, max-video-preview:-1\" \/>\n<link rel=\"canonical\" href=\"https:\/\/www.altominho.tv\/site\/2018\/03\/01\/segunda-fase-do-reforco-da-rede-movel-e-da-rede-wi-fi-em-fase-de-conclusao\/\" \/>\n<meta property=\"og:locale\" content=\"pt_PT\" \/>\n<meta property=\"og:type\" content=\"article\" \/>\n<meta property=\"og:title\" content=\"Segunda fase do refor\u00e7o da rede m\u00f3vel e da rede &#039;wi-fi&#039; em fase de conclus\u00e3o\" \/>\n<meta property=\"og:description\" content=\"A C\u00e2mara de Caminha informou que se encontram em fase de conclus\u00e3o os trabalhos da segunda fase de instala\u00e7\u00e3o dos equipamentos de refor\u00e7o da rede m\u00f3vel e da rede \u2018wi-fi\u2019 em Arga de Cima, Arga de S\u00e3o Jo\u00e3o, Arga de Baixo e Dem. Segundo a autarquia, a Serra d\u2019Arga \u201cpassa a estar ligada ao mundo [&hellip;]\" \/>\n<meta property=\"og:url\" content=\"https:\/\/www.altominho.tv\/site\/2018\/03\/01\/segunda-fase-do-reforco-da-rede-movel-e-da-rede-wi-fi-em-fase-de-conclusao\/\" \/>\n<meta property=\"og:site_name\" content=\"Altominho.tv\" \/>\n<meta property=\"article:publisher\" content=\"https:\/\/www.facebook.com\/altominhotv\" \/>\n<meta property=\"article:published_time\" content=\"2018-03-01T09:50:14+00:00\" \/>\n<meta property=\"og:image\" content=\"https:\/\/www.altominho.tv\/site\/wp-content\/uploads\/2018\/03\/arga.jpg\" \/>\n\t<meta property=\"og:image:width\" content=\"1200\" \/>\n\t<meta property=\"og:image:height\" content=\"600\" \/>\n\t<meta property=\"og:image:type\" content=\"image\/jpeg\" \/>\n<meta name=\"author\" content=\"Andreia Cunha\" \/>\n<meta name=\"twitter:card\" content=\"summary_large_image\" \/>\n<meta name=\"twitter:creator\" content=\"@altominhoTV\" \/>\n<meta name=\"twitter:site\" content=\"@altominhoTV\" \/>\n<meta name=\"twitter:label1\" content=\"Escrito por\" \/>\n\t<meta name=\"twitter:data1\" content=\"Andreia Cunha\" \/>\n\t<meta name=\"twitter:label2\" content=\"Tempo estimado de leitura\" \/>\n\t<meta name=\"twitter:data2\" content=\"1 minuto\" \/>\n<script type=\"application\/ld+json\" class=\"yoast-schema-graph\">{\"@context\":\"https:\\\/\\\/schema.org\",\"@graph\":[{\"@type\":\"Article\",\"@id\":\"https:\\\/\\\/www.altominho.tv\\\/site\\\/2018\\\/03\\\/01\\\/segunda-fase-do-reforco-da-rede-movel-e-da-rede-wi-fi-em-fase-de-conclusao\\\/#article\",\"isPartOf\":{\"@id\":\"https:\\\/\\\/www.altominho.tv\\\/site\\\/2018\\\/03\\\/01\\\/segunda-fase-do-reforco-da-rede-movel-e-da-rede-wi-fi-em-fase-de-conclusao\\\/\"},\"author\":{\"name\":\"Andreia Cunha\",\"@id\":\"https:\\\/\\\/www.altominho.tv\\\/site\\\/#\\\/schema\\\/person\\\/a0e4ef6d041f98ca284393d8f1d97153\"},\"headline\":\"Segunda fase do refor\u00e7o da rede m\u00f3vel e da rede &#8216;wi-fi&#8217; em fase de conclus\u00e3o\",\"datePublished\":\"2018-03-01T09:50:14+00:00\",\"mainEntityOfPage\":{\"@id\":\"https:\\\/\\\/www.altominho.tv\\\/site\\\/2018\\\/03\\\/01\\\/segunda-fase-do-reforco-da-rede-movel-e-da-rede-wi-fi-em-fase-de-conclusao\\\/\"},\"wordCount\":132,\"image\":{\"@id\":\"https:\\\/\\\/www.altominho.tv\\\/site\\\/2018\\\/03\\\/01\\\/segunda-fase-do-reforco-da-rede-movel-e-da-rede-wi-fi-em-fase-de-conclusao\\\/#primaryimage\"},\"thumbnailUrl\":\"https:\\\/\\\/www.altominho.tv\\\/site\\\/wp-content\\\/uploads\\\/2018\\\/03\\\/arga.jpg\",\"keywords\":[\"Sociedade\"],\"articleSection\":[\"Caminha\"],\"inLanguage\":\"pt-PT\",\"copyrightYear\":\"2018\",\"copyrightHolder\":{\"@id\":\"https:\\\/\\\/www.altominho.tv\\\/site\\\/#organization\"}},{\"@type\":\"WebPage\",\"@id\":\"https:\\\/\\\/www.altominho.tv\\\/site\\\/2018\\\/03\\\/01\\\/segunda-fase-do-reforco-da-rede-movel-e-da-rede-wi-fi-em-fase-de-conclusao\\\/\",\"url\":\"https:\\\/\\\/www.altominho.tv\\\/site\\\/2018\\\/03\\\/01\\\/segunda-fase-do-reforco-da-rede-movel-e-da-rede-wi-fi-em-fase-de-conclusao\\\/\",\"name\":\"Segunda fase do refor\u00e7o da rede m\u00f3vel e da rede 'wi-fi' em fase de conclus\u00e3o\",\"isPartOf\":{\"@id\":\"https:\\\/\\\/www.altominho.tv\\\/site\\\/#website\"},\"primaryImageOfPage\":{\"@id\":\"https:\\\/\\\/www.altominho.tv\\\/site\\\/2018\\\/03\\\/01\\\/segunda-fase-do-reforco-da-rede-movel-e-da-rede-wi-fi-em-fase-de-conclusao\\\/#primaryimage\"},\"image\":{\"@id\":\"https:\\\/\\\/www.altominho.tv\\\/site\\\/2018\\\/03\\\/01\\\/segunda-fase-do-reforco-da-rede-movel-e-da-rede-wi-fi-em-fase-de-conclusao\\\/#primaryimage\"},\"thumbnailUrl\":\"https:\\\/\\\/www.altominho.tv\\\/site\\\/wp-content\\\/uploads\\\/2018\\\/03\\\/arga.jpg\",\"datePublished\":\"2018-03-01T09:50:14+00:00\",\"author\":{\"@id\":\"https:\\\/\\\/www.altominho.tv\\\/site\\\/#\\\/schema\\\/person\\\/a0e4ef6d041f98ca284393d8f1d97153\"},\"breadcrumb\":{\"@id\":\"https:\\\/\\\/www.altominho.tv\\\/site\\\/2018\\\/03\\\/01\\\/segunda-fase-do-reforco-da-rede-movel-e-da-rede-wi-fi-em-fase-de-conclusao\\\/#breadcrumb\"},\"inLanguage\":\"pt-PT\",\"potentialAction\":[{\"@type\":\"ReadAction\",\"target\":[\"https:\\\/\\\/www.altominho.tv\\\/site\\\/2018\\\/03\\\/01\\\/segunda-fase-do-reforco-da-rede-movel-e-da-rede-wi-fi-em-fase-de-conclusao\\\/\"]}]},{\"@type\":\"ImageObject\",\"inLanguage\":\"pt-PT\",\"@id\":\"https:\\\/\\\/www.altominho.tv\\\/site\\\/2018\\\/03\\\/01\\\/segunda-fase-do-reforco-da-rede-movel-e-da-rede-wi-fi-em-fase-de-conclusao\\\/#primaryimage\",\"url\":\"https:\\\/\\\/www.altominho.tv\\\/site\\\/wp-content\\\/uploads\\\/2018\\\/03\\\/arga.jpg\",\"contentUrl\":\"https:\\\/\\\/www.altominho.tv\\\/site\\\/wp-content\\\/uploads\\\/2018\\\/03\\\/arga.jpg\",\"width\":1200,\"height\":600},{\"@type\":\"BreadcrumbList\",\"@id\":\"https:\\\/\\\/www.altominho.tv\\\/site\\\/2018\\\/03\\\/01\\\/segunda-fase-do-reforco-da-rede-movel-e-da-rede-wi-fi-em-fase-de-conclusao\\\/#breadcrumb\",\"itemListElement\":[{\"@type\":\"ListItem\",\"position\":1,\"name\":\"In\u00edcio\",\"item\":\"https:\\\/\\\/www.altominho.tv\\\/site\\\/\"},{\"@type\":\"ListItem\",\"position\":2,\"name\":\"Segunda fase do refor\u00e7o da rede m\u00f3vel e da rede &#8216;wi-fi&#8217; em fase de conclus\u00e3o\"}]},{\"@type\":\"WebSite\",\"@id\":\"https:\\\/\\\/www.altominho.tv\\\/site\\\/#website\",\"url\":\"https:\\\/\\\/www.altominho.tv\\\/site\\\/\",\"name\":\"Altominho.tv\",\"description\":\"A sua regi\u00e3o \u00e0 dist\u00e2ncia de um clique...\",\"potentialAction\":[{\"@type\":\"SearchAction\",\"target\":{\"@type\":\"EntryPoint\",\"urlTemplate\":\"https:\\\/\\\/www.altominho.tv\\\/site\\\/?s={search_term_string}\"},\"query-input\":{\"@type\":\"PropertyValueSpecification\",\"valueRequired\":true,\"valueName\":\"search_term_string\"}}],\"inLanguage\":\"pt-PT\"},{\"@type\":\"Person\",\"@id\":\"https:\\\/\\\/www.altominho.tv\\\/site\\\/#\\\/schema\\\/person\\\/a0e4ef6d041f98ca284393d8f1d97153\",\"name\":\"Andreia Cunha\",\"image\":{\"@type\":\"ImageObject\",\"inLanguage\":\"pt-PT\",\"@id\":\"https:\\\/\\\/www.altominho.tv\\\/site\\\/wp-content\\\/uploads\\\/2017\\\/11\\\/Andreia_Cunha-1-150x150.jpg\",\"url\":\"https:\\\/\\\/www.altominho.tv\\\/site\\\/wp-content\\\/uploads\\\/2017\\\/11\\\/Andreia_Cunha-1-150x150.jpg\",\"contentUrl\":\"https:\\\/\\\/www.altominho.tv\\\/site\\\/wp-content\\\/uploads\\\/2017\\\/11\\\/Andreia_Cunha-1-150x150.jpg\",\"caption\":\"Andreia Cunha\"},\"url\":\"https:\\\/\\\/www.altominho.tv\\\/site\\\/author\\\/andreiacunha\\\/\"}]}<\/script>\n<!-- \/ Yoast SEO Premium plugin. -->","yoast_head_json":{"title":"Segunda fase do refor\u00e7o da rede m\u00f3vel e da rede 'wi-fi' em fase de conclus\u00e3o","robots":{"index":"index","follow":"follow","max-snippet":"max-snippet:-1","max-image-preview":"max-image-preview:large","max-video-preview":"max-video-preview:-1"},"canonical":"https:\/\/www.altominho.tv\/site\/2018\/03\/01\/segunda-fase-do-reforco-da-rede-movel-e-da-rede-wi-fi-em-fase-de-conclusao\/","og_locale":"pt_PT","og_type":"article","og_title":"Segunda fase do refor\u00e7o da rede m\u00f3vel e da rede 'wi-fi' em fase de conclus\u00e3o","og_description":"A C\u00e2mara de Caminha informou que se encontram em fase de conclus\u00e3o os trabalhos da segunda fase de instala\u00e7\u00e3o dos equipamentos de refor\u00e7o da rede m\u00f3vel e da rede \u2018wi-fi\u2019 em Arga de Cima, Arga de S\u00e3o Jo\u00e3o, Arga de Baixo e Dem. Segundo a autarquia, a Serra d\u2019Arga \u201cpassa a estar ligada ao mundo [&hellip;]","og_url":"https:\/\/www.altominho.tv\/site\/2018\/03\/01\/segunda-fase-do-reforco-da-rede-movel-e-da-rede-wi-fi-em-fase-de-conclusao\/","og_site_name":"Altominho.tv","article_publisher":"https:\/\/www.facebook.com\/altominhotv","article_published_time":"2018-03-01T09:50:14+00:00","og_image":[{"width":1200,"height":600,"url":"https:\/\/www.altominho.tv\/site\/wp-content\/uploads\/2018\/03\/arga.jpg","type":"image\/jpeg"}],"author":"Andreia Cunha","twitter_card":"summary_large_image","twitter_creator":"@altominhoTV","twitter_site":"@altominhoTV","twitter_misc":{"Escrito por":"Andreia Cunha","Tempo estimado de leitura":"1 minuto"},"schema":{"@context":"https:\/\/schema.org","@graph":[{"@type":"Article","@id":"https:\/\/www.altominho.tv\/site\/2018\/03\/01\/segunda-fase-do-reforco-da-rede-movel-e-da-rede-wi-fi-em-fase-de-conclusao\/#article","isPartOf":{"@id":"https:\/\/www.altominho.tv\/site\/2018\/03\/01\/segunda-fase-do-reforco-da-rede-movel-e-da-rede-wi-fi-em-fase-de-conclusao\/"},"author":{"name":"Andreia Cunha","@id":"https:\/\/www.altominho.tv\/site\/#\/schema\/person\/a0e4ef6d041f98ca284393d8f1d97153"},"headline":"Segunda fase do refor\u00e7o da rede m\u00f3vel e da rede &#8216;wi-fi&#8217; em fase de conclus\u00e3o","datePublished":"2018-03-01T09:50:14+00:00","mainEntityOfPage":{"@id":"https:\/\/www.altominho.tv\/site\/2018\/03\/01\/segunda-fase-do-reforco-da-rede-movel-e-da-rede-wi-fi-em-fase-de-conclusao\/"},"wordCount":132,"image":{"@id":"https:\/\/www.altominho.tv\/site\/2018\/03\/01\/segunda-fase-do-reforco-da-rede-movel-e-da-rede-wi-fi-em-fase-de-conclusao\/#primaryimage"},"thumbnailUrl":"https:\/\/www.altominho.tv\/site\/wp-content\/uploads\/2018\/03\/arga.jpg","keywords":["Sociedade"],"articleSection":["Caminha"],"inLanguage":"pt-PT","copyrightYear":"2018","copyrightHolder":{"@id":"https:\/\/www.altominho.tv\/site\/#organization"}},{"@type":"WebPage","@id":"https:\/\/www.altominho.tv\/site\/2018\/03\/01\/segunda-fase-do-reforco-da-rede-movel-e-da-rede-wi-fi-em-fase-de-conclusao\/","url":"https:\/\/www.altominho.tv\/site\/2018\/03\/01\/segunda-fase-do-reforco-da-rede-movel-e-da-rede-wi-fi-em-fase-de-conclusao\/","name":"Segunda fase do refor\u00e7o da rede m\u00f3vel e da rede 'wi-fi' em fase de conclus\u00e3o","isPartOf":{"@id":"https:\/\/www.altominho.tv\/site\/#website"},"primaryImageOfPage":{"@id":"https:\/\/www.altominho.tv\/site\/2018\/03\/01\/segunda-fase-do-reforco-da-rede-movel-e-da-rede-wi-fi-em-fase-de-conclusao\/#primaryimage"},"image":{"@id":"https:\/\/www.altominho.tv\/site\/2018\/03\/01\/segunda-fase-do-reforco-da-rede-movel-e-da-rede-wi-fi-em-fase-de-conclusao\/#primaryimage"},"thumbnailUrl":"https:\/\/www.altominho.tv\/site\/wp-content\/uploads\/2018\/03\/arga.jpg","datePublished":"2018-03-01T09:50:14+00:00","author":{"@id":"https:\/\/www.altominho.tv\/site\/#\/schema\/person\/a0e4ef6d041f98ca284393d8f1d97153"},"breadcrumb":{"@id":"https:\/\/www.altominho.tv\/site\/2018\/03\/01\/segunda-fase-do-reforco-da-rede-movel-e-da-rede-wi-fi-em-fase-de-conclusao\/#breadcrumb"},"inLanguage":"pt-PT","potentialAction":[{"@type":"ReadAction","target":["https:\/\/www.altominho.tv\/site\/2018\/03\/01\/segunda-fase-do-reforco-da-rede-movel-e-da-rede-wi-fi-em-fase-de-conclusao\/"]}]},{"@type":"ImageObject","inLanguage":"pt-PT","@id":"https:\/\/www.altominho.tv\/site\/2018\/03\/01\/segunda-fase-do-reforco-da-rede-movel-e-da-rede-wi-fi-em-fase-de-conclusao\/#primaryimage","url":"https:\/\/www.altominho.tv\/site\/wp-content\/uploads\/2018\/03\/arga.jpg","contentUrl":"https:\/\/www.altominho.tv\/site\/wp-content\/uploads\/2018\/03\/arga.jpg","width":1200,"height":600},{"@type":"BreadcrumbList","@id":"https:\/\/www.altominho.tv\/site\/2018\/03\/01\/segunda-fase-do-reforco-da-rede-movel-e-da-rede-wi-fi-em-fase-de-conclusao\/#breadcrumb","itemListElement":[{"@type":"ListItem","position":1,"name":"In\u00edcio","item":"https:\/\/www.altominho.tv\/site\/"},{"@type":"ListItem","position":2,"name":"Segunda fase do refor\u00e7o da rede m\u00f3vel e da rede &#8216;wi-fi&#8217; em fase de conclus\u00e3o"}]},{"@type":"WebSite","@id":"https:\/\/www.altominho.tv\/site\/#website","url":"https:\/\/www.altominho.tv\/site\/","name":"Altominho.tv","description":"A sua regi\u00e3o \u00e0 dist\u00e2ncia de um clique...","potentialAction":[{"@type":"SearchAction","target":{"@type":"EntryPoint","urlTemplate":"https:\/\/www.altominho.tv\/site\/?s={search_term_string}"},"query-input":{"@type":"PropertyValueSpecification","valueRequired":true,"valueName":"search_term_string"}}],"inLanguage":"pt-PT"},{"@type":"Person","@id":"https:\/\/www.altominho.tv\/site\/#\/schema\/person\/a0e4ef6d041f98ca284393d8f1d97153","name":"Andreia Cunha","image":{"@type":"ImageObject","inLanguage":"pt-PT","@id":"https:\/\/www.altominho.tv\/site\/wp-content\/uploads\/2017\/11\/Andreia_Cunha-1-150x150.jpg","url":"https:\/\/www.altominho.tv\/site\/wp-content\/uploads\/2017\/11\/Andreia_Cunha-1-150x150.jpg","contentUrl":"https:\/\/www.altominho.tv\/site\/wp-content\/uploads\/2017\/11\/Andreia_Cunha-1-150x150.jpg","caption":"Andreia Cunha"},"url":"https:\/\/www.altominho.tv\/site\/author\/andreiacunha\/"}]}},"_links":{"self":[{"href":"https:\/\/www.altominho.tv\/site\/wp-json\/wp\/v2\/posts\/10222","targetHints":{"allow":["GET"]}}],"collection":[{"href":"https:\/\/www.altominho.tv\/site\/wp-json\/wp\/v2\/posts"}],"about":[{"href":"https:\/\/www.altominho.tv\/site\/wp-json\/wp\/v2\/types\/post"}],"author":[{"embeddable":true,"href":"https:\/\/www.altominho.tv\/site\/wp-json\/wp\/v2\/users\/7"}],"replies":[{"embeddable":true,"href":"https:\/\/www.altominho.tv\/site\/wp-json\/wp\/v2\/comments?post=10222"}],"version-history":[{"count":0,"href":"https:\/\/www.altominho.tv\/site\/wp-json\/wp\/v2\/posts\/10222\/revisions"}],"wp:featuredmedia":[{"embeddable":true,"href":"https:\/\/www.altominho.tv\/site\/wp-json\/wp\/v2\/media\/10223"}],"wp:attachment":[{"href":"https:\/\/www.altominho.tv\/site\/wp-json\/wp\/v2\/media?parent=10222"}],"wp:term":[{"taxonomy":"category","embeddable":true,"href":"https:\/\/www.altominho.tv\/site\/wp-json\/wp\/v2\/categories?post=10222"},{"taxonomy":"post_tag","embeddable":true,"href":"https:\/\/www.altominho.tv\/site\/wp-json\/wp\/v2\/tags?post=10222"}],"curies":[{"name":"wp","href":"https:\/\/api.w.org\/{rel}","templated":true}]}}