{"id":10125,"date":"2018-02-27T11:05:16","date_gmt":"2018-02-27T11:05:16","guid":{"rendered":"http:\/\/www.altominho.tv\/site\/?p=10125"},"modified":"2018-02-27T11:05:16","modified_gmt":"2018-02-27T11:05:16","slug":"caminha-e-pontault-combault-promovem-concurso-de-fotografia-a-minha-terra-em-movimento","status":"publish","type":"post","link":"https:\/\/www.altominho.tv\/site\/2018\/02\/27\/caminha-e-pontault-combault-promovem-concurso-de-fotografia-a-minha-terra-em-movimento\/","title":{"rendered":"Caminha e Pontault &#8211; Combault promovem concurso de fotografia \u2018A Minha Terra em Movimento\u2019"},"content":{"rendered":"<p>\u2018A minha terra em movimento\u2019 \u00e9 o nome do concurso de fotografia que os munic\u00edpios de Caminha e Pontault-Combault, cidade francesa geminada com a vila de Caminha, e a Associa\u00e7\u00e3o Portuguesa Cultural e Social (A.P.C.S.) est\u00e3o a promover at\u00e9 15 de abril. Este concurso dirige-se a amadores de fotografia de ambos os munic\u00edpios.<\/p>\n<p>Caminha \u00e9 geminada com a cidade francesa de Pontault-Combault desde 1978. O Protocolo de Amizade foi assinado em Fran\u00e7a, sob a \u00e9gide da &#8220;Federa\u00e7\u00e3o Mundial das Cidades Geminadas &#8211; Cidades Unidas&#8221; que promove os la\u00e7os de amizade entre os dois pa\u00edses, em especial entre as popula\u00e7\u00f5es das duas vilas. A gemina\u00e7\u00e3o tem como objetivo o desenvolvimento das rela\u00e7\u00f5es de \u00e2mbito cultural, tur\u00edstico, social e econ\u00f3mico.<\/p>\n<p>O concurso de fotografia \u2018A minha terra em movimento\u2019 divide-se em duas fases. Numa primeira etapa, o j\u00fari composto por elementos das duas localidades selecionar\u00e1 at\u00e9 30 fotografias. Numa segunda etapa, ser\u00e3o escolhidas duas fotografias pelo j\u00fari e uma pelo p\u00fablico entre as 30 j\u00e1 selecionadas. As fotografias selecionadas far\u00e3o parte de uma exposi\u00e7\u00e3o que estar\u00e1 patente nas duas localidades em datas ainda a designar.<\/p>\n<p>Este concurso dirige-se a todos os amadores de fotografia dos munic\u00edpios de Caminha e de Pontault-Combault.\u00a0 Cada participante poder\u00e1 enviar at\u00e9 tr\u00eas fotografias com indica\u00e7\u00e3o do apelido e nome do autor, numerados de 1 a 3 e com t\u00edtulo da fotografia. As candidaturas dever\u00e3o ser submetidas atrav\u00e9s de um formul\u00e1rio dispon\u00edvel em <a href=\"https:\/\/form.jotformeu.com\/concoursphotopontault\/concours-photo-pontault-caminha\">https:\/\/form.jotformeu.com\/concoursphotopontault\/concours-photo-pontault-caminha<\/a> at\u00e9 ao dia 15 de abril. \u00c9 de salientar ainda que, os candidatos selecionados dever\u00e3o enviar as respetivas fotografias atrav\u00e9s do email <a href=\"mailto:concoursphotopontault@gmail.com\">concoursphotopontault@gmail.com<\/a><\/p>\n<p>Os resultados ser\u00e3o conhecidos e divulgados durante o m\u00eas de maio.<\/p>\n","protected":false},"excerpt":{"rendered":"<p>\u2018A minha terra em movimento\u2019 \u00e9 o nome do concurso de fotografia que os munic\u00edpios de Caminha e Pontault-Combault, cidade francesa geminada com a vila de Caminha, e a Associa\u00e7\u00e3o Portuguesa Cultural e Social (A.P.C.S.) est\u00e3o a promover at\u00e9 15 de abril. Este concurso dirige-se a amadores de fotografia de ambos os munic\u00edpios. Caminha \u00e9 [&hellip;]<\/p>\n","protected":false},"author":11,"featured_media":10126,"comment_status":"closed","ping_status":"closed","sticky":false,"template":"","format":"standard","meta":{"_exactmetrics_skip_tracking":false,"_exactmetrics_sitenote_active":false,"_exactmetrics_sitenote_note":"","_exactmetrics_sitenote_category":0,"footnotes":""},"categories":[7],"tags":[24],"class_list":["post-10125","post","type-post","status-publish","format-standard","has-post-thumbnail","hentry","category-caminha","tag-lazer"],"yoast_head":"<!-- This site is optimized with the Yoast SEO Premium plugin v27.5 (Yoast SEO v27.5) - https:\/\/yoast.com\/product\/yoast-seo-premium-wordpress\/ -->\n<title>Caminha e Pontault - Combault promovem concurso de fotografia \u2018A Minha Terra em Movimento\u2019<\/title>\n<meta name=\"robots\" content=\"index, follow, max-snippet:-1, max-image-preview:large, max-video-preview:-1\" \/>\n<link rel=\"canonical\" href=\"https:\/\/www.altominho.tv\/site\/2018\/02\/27\/caminha-e-pontault-combault-promovem-concurso-de-fotografia-a-minha-terra-em-movimento\/\" \/>\n<meta property=\"og:locale\" content=\"pt_PT\" \/>\n<meta property=\"og:type\" content=\"article\" \/>\n<meta property=\"og:title\" content=\"Caminha e Pontault - Combault promovem concurso de fotografia \u2018A Minha Terra em Movimento\u2019\" \/>\n<meta property=\"og:description\" content=\"\u2018A minha terra em movimento\u2019 \u00e9 o nome do concurso de fotografia que os munic\u00edpios de Caminha e Pontault-Combault, cidade francesa geminada com a vila de Caminha, e a Associa\u00e7\u00e3o Portuguesa Cultural e Social (A.P.C.S.) est\u00e3o a promover at\u00e9 15 de abril. Este concurso dirige-se a amadores de fotografia de ambos os munic\u00edpios. Caminha \u00e9 [&hellip;]\" \/>\n<meta property=\"og:url\" content=\"https:\/\/www.altominho.tv\/site\/2018\/02\/27\/caminha-e-pontault-combault-promovem-concurso-de-fotografia-a-minha-terra-em-movimento\/\" \/>\n<meta property=\"og:site_name\" content=\"Altominho.tv\" \/>\n<meta property=\"article:publisher\" content=\"https:\/\/www.facebook.com\/altominhotv\" \/>\n<meta property=\"article:published_time\" content=\"2018-02-27T11:05:16+00:00\" \/>\n<meta property=\"og:image\" content=\"https:\/\/www.altominho.tv\/site\/wp-content\/uploads\/2018\/02\/fotografia3.jpg\" \/>\n\t<meta property=\"og:image:width\" content=\"785\" \/>\n\t<meta property=\"og:image:height\" content=\"350\" \/>\n\t<meta property=\"og:image:type\" content=\"image\/jpeg\" \/>\n<meta name=\"author\" content=\"M\u00e1rcio Ferreira\" \/>\n<meta name=\"twitter:card\" content=\"summary_large_image\" \/>\n<meta name=\"twitter:creator\" content=\"@altominhoTV\" \/>\n<meta name=\"twitter:site\" content=\"@altominhoTV\" \/>\n<meta name=\"twitter:label1\" content=\"Escrito por\" \/>\n\t<meta name=\"twitter:data1\" content=\"M\u00e1rcio Ferreira\" \/>\n\t<meta name=\"twitter:label2\" content=\"Tempo estimado de leitura\" \/>\n\t<meta name=\"twitter:data2\" content=\"2 minutos\" \/>\n<script type=\"application\/ld+json\" class=\"yoast-schema-graph\">{\"@context\":\"https:\\\/\\\/schema.org\",\"@graph\":[{\"@type\":\"Article\",\"@id\":\"https:\\\/\\\/www.altominho.tv\\\/site\\\/2018\\\/02\\\/27\\\/caminha-e-pontault-combault-promovem-concurso-de-fotografia-a-minha-terra-em-movimento\\\/#article\",\"isPartOf\":{\"@id\":\"https:\\\/\\\/www.altominho.tv\\\/site\\\/2018\\\/02\\\/27\\\/caminha-e-pontault-combault-promovem-concurso-de-fotografia-a-minha-terra-em-movimento\\\/\"},\"author\":{\"name\":\"M\u00e1rcio Ferreira\",\"@id\":\"https:\\\/\\\/www.altominho.tv\\\/site\\\/#\\\/schema\\\/person\\\/f836e37082b5dabe9144f3eb724ed5a7\"},\"headline\":\"Caminha e Pontault &#8211; Combault promovem concurso de fotografia \u2018A Minha Terra em Movimento\u2019\",\"datePublished\":\"2018-02-27T11:05:16+00:00\",\"mainEntityOfPage\":{\"@id\":\"https:\\\/\\\/www.altominho.tv\\\/site\\\/2018\\\/02\\\/27\\\/caminha-e-pontault-combault-promovem-concurso-de-fotografia-a-minha-terra-em-movimento\\\/\"},\"wordCount\":315,\"image\":{\"@id\":\"https:\\\/\\\/www.altominho.tv\\\/site\\\/2018\\\/02\\\/27\\\/caminha-e-pontault-combault-promovem-concurso-de-fotografia-a-minha-terra-em-movimento\\\/#primaryimage\"},\"thumbnailUrl\":\"https:\\\/\\\/www.altominho.tv\\\/site\\\/wp-content\\\/uploads\\\/2018\\\/02\\\/fotografia3.jpg\",\"keywords\":[\"Lazer\"],\"articleSection\":[\"Caminha\"],\"inLanguage\":\"pt-PT\",\"copyrightYear\":\"2018\",\"copyrightHolder\":{\"@id\":\"https:\\\/\\\/www.altominho.tv\\\/site\\\/#organization\"}},{\"@type\":\"WebPage\",\"@id\":\"https:\\\/\\\/www.altominho.tv\\\/site\\\/2018\\\/02\\\/27\\\/caminha-e-pontault-combault-promovem-concurso-de-fotografia-a-minha-terra-em-movimento\\\/\",\"url\":\"https:\\\/\\\/www.altominho.tv\\\/site\\\/2018\\\/02\\\/27\\\/caminha-e-pontault-combault-promovem-concurso-de-fotografia-a-minha-terra-em-movimento\\\/\",\"name\":\"Caminha e Pontault - Combault promovem concurso de fotografia \u2018A Minha Terra em Movimento\u2019\",\"isPartOf\":{\"@id\":\"https:\\\/\\\/www.altominho.tv\\\/site\\\/#website\"},\"primaryImageOfPage\":{\"@id\":\"https:\\\/\\\/www.altominho.tv\\\/site\\\/2018\\\/02\\\/27\\\/caminha-e-pontault-combault-promovem-concurso-de-fotografia-a-minha-terra-em-movimento\\\/#primaryimage\"},\"image\":{\"@id\":\"https:\\\/\\\/www.altominho.tv\\\/site\\\/2018\\\/02\\\/27\\\/caminha-e-pontault-combault-promovem-concurso-de-fotografia-a-minha-terra-em-movimento\\\/#primaryimage\"},\"thumbnailUrl\":\"https:\\\/\\\/www.altominho.tv\\\/site\\\/wp-content\\\/uploads\\\/2018\\\/02\\\/fotografia3.jpg\",\"datePublished\":\"2018-02-27T11:05:16+00:00\",\"author\":{\"@id\":\"https:\\\/\\\/www.altominho.tv\\\/site\\\/#\\\/schema\\\/person\\\/f836e37082b5dabe9144f3eb724ed5a7\"},\"breadcrumb\":{\"@id\":\"https:\\\/\\\/www.altominho.tv\\\/site\\\/2018\\\/02\\\/27\\\/caminha-e-pontault-combault-promovem-concurso-de-fotografia-a-minha-terra-em-movimento\\\/#breadcrumb\"},\"inLanguage\":\"pt-PT\",\"potentialAction\":[{\"@type\":\"ReadAction\",\"target\":[\"https:\\\/\\\/www.altominho.tv\\\/site\\\/2018\\\/02\\\/27\\\/caminha-e-pontault-combault-promovem-concurso-de-fotografia-a-minha-terra-em-movimento\\\/\"]}]},{\"@type\":\"ImageObject\",\"inLanguage\":\"pt-PT\",\"@id\":\"https:\\\/\\\/www.altominho.tv\\\/site\\\/2018\\\/02\\\/27\\\/caminha-e-pontault-combault-promovem-concurso-de-fotografia-a-minha-terra-em-movimento\\\/#primaryimage\",\"url\":\"https:\\\/\\\/www.altominho.tv\\\/site\\\/wp-content\\\/uploads\\\/2018\\\/02\\\/fotografia3.jpg\",\"contentUrl\":\"https:\\\/\\\/www.altominho.tv\\\/site\\\/wp-content\\\/uploads\\\/2018\\\/02\\\/fotografia3.jpg\",\"width\":785,\"height\":350},{\"@type\":\"BreadcrumbList\",\"@id\":\"https:\\\/\\\/www.altominho.tv\\\/site\\\/2018\\\/02\\\/27\\\/caminha-e-pontault-combault-promovem-concurso-de-fotografia-a-minha-terra-em-movimento\\\/#breadcrumb\",\"itemListElement\":[{\"@type\":\"ListItem\",\"position\":1,\"name\":\"In\u00edcio\",\"item\":\"https:\\\/\\\/www.altominho.tv\\\/site\\\/\"},{\"@type\":\"ListItem\",\"position\":2,\"name\":\"Caminha e Pontault &#8211; Combault promovem concurso de fotografia \u2018A Minha Terra em Movimento\u2019\"}]},{\"@type\":\"WebSite\",\"@id\":\"https:\\\/\\\/www.altominho.tv\\\/site\\\/#website\",\"url\":\"https:\\\/\\\/www.altominho.tv\\\/site\\\/\",\"name\":\"Altominho.tv\",\"description\":\"A sua regi\u00e3o \u00e0 dist\u00e2ncia de um clique...\",\"potentialAction\":[{\"@type\":\"SearchAction\",\"target\":{\"@type\":\"EntryPoint\",\"urlTemplate\":\"https:\\\/\\\/www.altominho.tv\\\/site\\\/?s={search_term_string}\"},\"query-input\":{\"@type\":\"PropertyValueSpecification\",\"valueRequired\":true,\"valueName\":\"search_term_string\"}}],\"inLanguage\":\"pt-PT\"},{\"@type\":\"Person\",\"@id\":\"https:\\\/\\\/www.altominho.tv\\\/site\\\/#\\\/schema\\\/person\\\/f836e37082b5dabe9144f3eb724ed5a7\",\"name\":\"M\u00e1rcio Ferreira\",\"image\":{\"@type\":\"ImageObject\",\"inLanguage\":\"pt-PT\",\"@id\":\"https:\\\/\\\/www.altominho.tv\\\/site\\\/wp-content\\\/uploads\\\/2017\\\/11\\\/Marcio-150x150.jpg\",\"url\":\"https:\\\/\\\/www.altominho.tv\\\/site\\\/wp-content\\\/uploads\\\/2017\\\/11\\\/Marcio-150x150.jpg\",\"contentUrl\":\"https:\\\/\\\/www.altominho.tv\\\/site\\\/wp-content\\\/uploads\\\/2017\\\/11\\\/Marcio-150x150.jpg\",\"caption\":\"M\u00e1rcio Ferreira\"},\"url\":\"https:\\\/\\\/www.altominho.tv\\\/site\\\/author\\\/marcioferreira\\\/\"}]}<\/script>\n<!-- \/ Yoast SEO Premium plugin. -->","yoast_head_json":{"title":"Caminha e Pontault - Combault promovem concurso de fotografia \u2018A Minha Terra em Movimento\u2019","robots":{"index":"index","follow":"follow","max-snippet":"max-snippet:-1","max-image-preview":"max-image-preview:large","max-video-preview":"max-video-preview:-1"},"canonical":"https:\/\/www.altominho.tv\/site\/2018\/02\/27\/caminha-e-pontault-combault-promovem-concurso-de-fotografia-a-minha-terra-em-movimento\/","og_locale":"pt_PT","og_type":"article","og_title":"Caminha e Pontault - Combault promovem concurso de fotografia \u2018A Minha Terra em Movimento\u2019","og_description":"\u2018A minha terra em movimento\u2019 \u00e9 o nome do concurso de fotografia que os munic\u00edpios de Caminha e Pontault-Combault, cidade francesa geminada com a vila de Caminha, e a Associa\u00e7\u00e3o Portuguesa Cultural e Social (A.P.C.S.) est\u00e3o a promover at\u00e9 15 de abril. Este concurso dirige-se a amadores de fotografia de ambos os munic\u00edpios. Caminha \u00e9 [&hellip;]","og_url":"https:\/\/www.altominho.tv\/site\/2018\/02\/27\/caminha-e-pontault-combault-promovem-concurso-de-fotografia-a-minha-terra-em-movimento\/","og_site_name":"Altominho.tv","article_publisher":"https:\/\/www.facebook.com\/altominhotv","article_published_time":"2018-02-27T11:05:16+00:00","og_image":[{"width":785,"height":350,"url":"https:\/\/www.altominho.tv\/site\/wp-content\/uploads\/2018\/02\/fotografia3.jpg","type":"image\/jpeg"}],"author":"M\u00e1rcio Ferreira","twitter_card":"summary_large_image","twitter_creator":"@altominhoTV","twitter_site":"@altominhoTV","twitter_misc":{"Escrito por":"M\u00e1rcio Ferreira","Tempo estimado de leitura":"2 minutos"},"schema":{"@context":"https:\/\/schema.org","@graph":[{"@type":"Article","@id":"https:\/\/www.altominho.tv\/site\/2018\/02\/27\/caminha-e-pontault-combault-promovem-concurso-de-fotografia-a-minha-terra-em-movimento\/#article","isPartOf":{"@id":"https:\/\/www.altominho.tv\/site\/2018\/02\/27\/caminha-e-pontault-combault-promovem-concurso-de-fotografia-a-minha-terra-em-movimento\/"},"author":{"name":"M\u00e1rcio Ferreira","@id":"https:\/\/www.altominho.tv\/site\/#\/schema\/person\/f836e37082b5dabe9144f3eb724ed5a7"},"headline":"Caminha e Pontault &#8211; Combault promovem concurso de fotografia \u2018A Minha Terra em Movimento\u2019","datePublished":"2018-02-27T11:05:16+00:00","mainEntityOfPage":{"@id":"https:\/\/www.altominho.tv\/site\/2018\/02\/27\/caminha-e-pontault-combault-promovem-concurso-de-fotografia-a-minha-terra-em-movimento\/"},"wordCount":315,"image":{"@id":"https:\/\/www.altominho.tv\/site\/2018\/02\/27\/caminha-e-pontault-combault-promovem-concurso-de-fotografia-a-minha-terra-em-movimento\/#primaryimage"},"thumbnailUrl":"https:\/\/www.altominho.tv\/site\/wp-content\/uploads\/2018\/02\/fotografia3.jpg","keywords":["Lazer"],"articleSection":["Caminha"],"inLanguage":"pt-PT","copyrightYear":"2018","copyrightHolder":{"@id":"https:\/\/www.altominho.tv\/site\/#organization"}},{"@type":"WebPage","@id":"https:\/\/www.altominho.tv\/site\/2018\/02\/27\/caminha-e-pontault-combault-promovem-concurso-de-fotografia-a-minha-terra-em-movimento\/","url":"https:\/\/www.altominho.tv\/site\/2018\/02\/27\/caminha-e-pontault-combault-promovem-concurso-de-fotografia-a-minha-terra-em-movimento\/","name":"Caminha e Pontault - Combault promovem concurso de fotografia \u2018A Minha Terra em Movimento\u2019","isPartOf":{"@id":"https:\/\/www.altominho.tv\/site\/#website"},"primaryImageOfPage":{"@id":"https:\/\/www.altominho.tv\/site\/2018\/02\/27\/caminha-e-pontault-combault-promovem-concurso-de-fotografia-a-minha-terra-em-movimento\/#primaryimage"},"image":{"@id":"https:\/\/www.altominho.tv\/site\/2018\/02\/27\/caminha-e-pontault-combault-promovem-concurso-de-fotografia-a-minha-terra-em-movimento\/#primaryimage"},"thumbnailUrl":"https:\/\/www.altominho.tv\/site\/wp-content\/uploads\/2018\/02\/fotografia3.jpg","datePublished":"2018-02-27T11:05:16+00:00","author":{"@id":"https:\/\/www.altominho.tv\/site\/#\/schema\/person\/f836e37082b5dabe9144f3eb724ed5a7"},"breadcrumb":{"@id":"https:\/\/www.altominho.tv\/site\/2018\/02\/27\/caminha-e-pontault-combault-promovem-concurso-de-fotografia-a-minha-terra-em-movimento\/#breadcrumb"},"inLanguage":"pt-PT","potentialAction":[{"@type":"ReadAction","target":["https:\/\/www.altominho.tv\/site\/2018\/02\/27\/caminha-e-pontault-combault-promovem-concurso-de-fotografia-a-minha-terra-em-movimento\/"]}]},{"@type":"ImageObject","inLanguage":"pt-PT","@id":"https:\/\/www.altominho.tv\/site\/2018\/02\/27\/caminha-e-pontault-combault-promovem-concurso-de-fotografia-a-minha-terra-em-movimento\/#primaryimage","url":"https:\/\/www.altominho.tv\/site\/wp-content\/uploads\/2018\/02\/fotografia3.jpg","contentUrl":"https:\/\/www.altominho.tv\/site\/wp-content\/uploads\/2018\/02\/fotografia3.jpg","width":785,"height":350},{"@type":"BreadcrumbList","@id":"https:\/\/www.altominho.tv\/site\/2018\/02\/27\/caminha-e-pontault-combault-promovem-concurso-de-fotografia-a-minha-terra-em-movimento\/#breadcrumb","itemListElement":[{"@type":"ListItem","position":1,"name":"In\u00edcio","item":"https:\/\/www.altominho.tv\/site\/"},{"@type":"ListItem","position":2,"name":"Caminha e Pontault &#8211; Combault promovem concurso de fotografia \u2018A Minha Terra em Movimento\u2019"}]},{"@type":"WebSite","@id":"https:\/\/www.altominho.tv\/site\/#website","url":"https:\/\/www.altominho.tv\/site\/","name":"Altominho.tv","description":"A sua regi\u00e3o \u00e0 dist\u00e2ncia de um clique...","potentialAction":[{"@type":"SearchAction","target":{"@type":"EntryPoint","urlTemplate":"https:\/\/www.altominho.tv\/site\/?s={search_term_string}"},"query-input":{"@type":"PropertyValueSpecification","valueRequired":true,"valueName":"search_term_string"}}],"inLanguage":"pt-PT"},{"@type":"Person","@id":"https:\/\/www.altominho.tv\/site\/#\/schema\/person\/f836e37082b5dabe9144f3eb724ed5a7","name":"M\u00e1rcio Ferreira","image":{"@type":"ImageObject","inLanguage":"pt-PT","@id":"https:\/\/www.altominho.tv\/site\/wp-content\/uploads\/2017\/11\/Marcio-150x150.jpg","url":"https:\/\/www.altominho.tv\/site\/wp-content\/uploads\/2017\/11\/Marcio-150x150.jpg","contentUrl":"https:\/\/www.altominho.tv\/site\/wp-content\/uploads\/2017\/11\/Marcio-150x150.jpg","caption":"M\u00e1rcio Ferreira"},"url":"https:\/\/www.altominho.tv\/site\/author\/marcioferreira\/"}]}},"_links":{"self":[{"href":"https:\/\/www.altominho.tv\/site\/wp-json\/wp\/v2\/posts\/10125","targetHints":{"allow":["GET"]}}],"collection":[{"href":"https:\/\/www.altominho.tv\/site\/wp-json\/wp\/v2\/posts"}],"about":[{"href":"https:\/\/www.altominho.tv\/site\/wp-json\/wp\/v2\/types\/post"}],"author":[{"embeddable":true,"href":"https:\/\/www.altominho.tv\/site\/wp-json\/wp\/v2\/users\/11"}],"replies":[{"embeddable":true,"href":"https:\/\/www.altominho.tv\/site\/wp-json\/wp\/v2\/comments?post=10125"}],"version-history":[{"count":0,"href":"https:\/\/www.altominho.tv\/site\/wp-json\/wp\/v2\/posts\/10125\/revisions"}],"wp:featuredmedia":[{"embeddable":true,"href":"https:\/\/www.altominho.tv\/site\/wp-json\/wp\/v2\/media\/10126"}],"wp:attachment":[{"href":"https:\/\/www.altominho.tv\/site\/wp-json\/wp\/v2\/media?parent=10125"}],"wp:term":[{"taxonomy":"category","embeddable":true,"href":"https:\/\/www.altominho.tv\/site\/wp-json\/wp\/v2\/categories?post=10125"},{"taxonomy":"post_tag","embeddable":true,"href":"https:\/\/www.altominho.tv\/site\/wp-json\/wp\/v2\/tags?post=10125"}],"curies":[{"name":"wp","href":"https:\/\/api.w.org\/{rel}","templated":true}]}}